{"id":102,"date":"2009-03-30T23:37:03","date_gmt":"2009-03-30T21:37:03","guid":{"rendered":""},"modified":"2021-10-11T15:51:35","modified_gmt":"2021-10-11T13:51:35","slug":"califican-de-excelentes-los-resultados-de-la-mediacion-familiar-en-divorcios","status":"publish","type":"post","link":"https:\/\/todomediacion.com\/node\/102","title":{"rendered":"Califican de excelentes los resultados de la mediaci\u00f3n familiar en divorcios"},"content":{"rendered":"<h3 align=\"justify\">El presidente de la Asociaci\u00f3n Interdisciplinaria Europea de Estudios de la Familia, Daniel Bustelo, calific\u00f3 hoy de &#39;excelentes&#39; los resultados en Espa\u00f1a de la mediaci\u00f3n familiar, frente a la resoluci\u00f3n judicial de un litigio de separaci\u00f3n o divorcio.<\/h3>\n<div align=\"justify\"><img decoding=\"async\" src=\"http:\/\/actualidad.terra.es\/img\/au.gif\" alt=\"\" height=\"12\" \/><br \/>Durante una conferencia celebrada en el Consejo de Europa en Estrasburgo, Bustelo asegur\u00f3 que en Espa\u00f1a se producen m\u00e1s acuerdos cuando se acude a la mediaci\u00f3n antes que a los juzgados.<\/p>\n<p>Record\u00f3 que ya hay diez leyes de mediaci\u00f3n auton\u00f3micas, la \u00faltima de ellas la andaluza, promulgada hace s\u00f3lo diez d\u00edas.<\/p>\n<p>Para este experto, la mediaci\u00f3n familiar aborda un &#39;conflicto humano muy complejo&#39;, y su objetivo es &#39;ayudar a las dos partes a encontrar una soluci\u00f3n \u00fatil para el futuro&#39;, a diferencia de la conciliaci\u00f3n, donde el conciliador &#39;defiende la postura de su cliente&#39;.<\/p>\n<p>Frente a las competencia auton\u00f3mica de est\u00e9 \u00e1mbito, Bustelo apost\u00f3 por la elaboraci\u00f3n de una ley estatal de mediaci\u00f3n, despu\u00e9s de que se haya aprobado una directiva europea en esta materia.<\/p>\n<p>Durante su intervenci\u00f3n en la 7a Conferencia Europea sobre Derecho de Familia en la Mediaci\u00f3n Familiar Internacional, Bustelo hizo una radiograf\u00eda de la mediaci\u00f3n en Espa\u00f1a y Latinoam\u00e9rica y puso el ejemplo de Argentina, donde de 100.000 casos de mediaci\u00f3n, 70.000 terminaron en acuerdo desde la entrada en vigor de la Ley de mediaci\u00f3n de 1995.<\/p>\n<p>Adem\u00e1s, destac\u00f3 la inclusi\u00f3n de la mediaci\u00f3n en la Constituci\u00f3n venezolana, que &#39;es m\u00e1s fuerte en la teor\u00eda que en la pr\u00e1ctica&#39;, as\u00ed como la labor de las ONG en Brasil y la red de mediadores que funciona &#39;aceptablemente&#39; en M\u00e9xico.<\/p>\n<p>El mediador de origen argentino diferenci\u00f3 la mediaci\u00f3n familiar y social que prima en Espa\u00f1a, frente a la visi\u00f3n m\u00e1s comercial de Am\u00e9rica Latina.<\/p>\n<p>De cualquier modo cit\u00f3 otras mediaciones que se llevan a cabo en Espa\u00f1a, como la penal (si el fiscal entiende que procede una labor de mediaci\u00f3n), la intercultural (realizada sobre todo por los ayuntamientos) y la medioambiental (especialmente en Catalu\u00f1a).<\/p>\n<p>El representante del Aga Khan y responsable del programa de formaci\u00f3n de mediadores de la comunidad ismaelita, Mohamed Keshavjee, elogi\u00f3 la labor de los mediadores y neg\u00f3 que estos profesionales pretendan ocupar el lugar de los juristas, si bien incidi\u00f3 en que las mediaciones se hacen &#39;a la sombra de la ley&#39;.<\/p>\n<p>Por su parte, el representante del Consejo de Europa, Jan Kleijssen, abog\u00f3 por la mediaci\u00f3n extrajudicial en procesos largos y costosos como la custodia de los hijos.<\/p>\n<p>De esta forma, defendi\u00f3 la armonizaci\u00f3n de las normas nacionales de mediaci\u00f3n y mostr\u00f3 la disposici\u00f3n de esta organizaci\u00f3n paneuropea a asumir ese reto.<\/p>\n<p>La conferencia de una jornada abord\u00f3 asuntos relativos a la mediaci\u00f3n familiar como la movilidad y la interculturalidad en la vida conyugal en Europa, sobre todo en casos donde el contexto cultural, religioso y \u00e9tnico de los c\u00f3nyuges es diferente.<\/p><\/div>\n","protected":false},"excerpt":{"rendered":"<p>El presidente de la Asociaci\u00f3n Interdisciplinaria Europea de Estudios de la Familia, Daniel Bustelo, calific\u00f3 hoy de &#39;excelentes&#39; los resultados en Espa\u00f1a de la mediaci\u00f3n familiar, frente a la resoluci\u00f3n judicial de un litigio de separaci\u00f3n o divorcio. Durante una conferencia celebrada en el Consejo de Europa en Estrasburgo, Bustelo asegur\u00f3 que en Espa\u00f1a se [&hellip;]<\/p>\n","protected":false},"author":1,"featured_media":0,"comment_status":"open","ping_status":"open","sticky":false,"template":"","format":"standard","meta":{"footnotes":""},"categories":[],"tags":[],"class_list":["post-102","post","type-post","status-publish","format-standard","hentry"],"_links":{"self":[{"href":"https:\/\/todomediacion.com\/index.php?rest_route=\/wp\/v2\/posts\/102","targetHints":{"allow":["GET"]}}],"collection":[{"href":"https:\/\/todomediacion.com\/index.php?rest_route=\/wp\/v2\/posts"}],"about":[{"href":"https:\/\/todomediacion.com\/index.php?rest_route=\/wp\/v2\/types\/post"}],"author":[{"embeddable":true,"href":"https:\/\/todomediacion.com\/index.php?rest_route=\/wp\/v2\/users\/1"}],"replies":[{"embeddable":true,"href":"https:\/\/todomediacion.com\/index.php?rest_route=%2Fwp%2Fv2%2Fcomments&post=102"}],"version-history":[{"count":1,"href":"https:\/\/todomediacion.com\/index.php?rest_route=\/wp\/v2\/posts\/102\/revisions"}],"predecessor-version":[{"id":522,"href":"https:\/\/todomediacion.com\/index.php?rest_route=\/wp\/v2\/posts\/102\/revisions\/522"}],"wp:attachment":[{"href":"https:\/\/todomediacion.com\/index.php?rest_route=%2Fwp%2Fv2%2Fmedia&parent=102"}],"wp:term":[{"taxonomy":"category","embeddable":true,"href":"https:\/\/todomediacion.com\/index.php?rest_route=%2Fwp%2Fv2%2Fcategories&post=102"},{"taxonomy":"post_tag","embeddable":true,"href":"https:\/\/todomediacion.com\/index.php?rest_route=%2Fwp%2Fv2%2Ftags&post=102"}],"curies":[{"name":"wp","href":"https:\/\/api.w.org\/{rel}","templated":true}]}}