{"id":124,"date":"2010-10-28T13:28:54","date_gmt":"2010-10-28T11:28:54","guid":{"rendered":""},"modified":"2021-10-11T15:50:31","modified_gmt":"2021-10-11T13:50:31","slug":"el-gobierno-quiere-retirar-la-custodia-a-los-maltratadores","status":"publish","type":"post","link":"https:\/\/todomediacion.com\/node\/124","title":{"rendered":"El Gobierno quiere retirar la custodia a los maltratadores"},"content":{"rendered":"<p>El Gobierno pretende que los ni\u00f1os sean considerados v\u00edctimas de  violencia de g\u00e9nero en igualdad de condiciones que sus madres  maltratadas y, por tanto, que los agresores condenados pierdan la  custodia de los hijos o al menos sufran restricciones en el ejercicio de  la patria potestad. Es lo que asegur\u00f3 ayer la ministra de Sanidad,  Pol\u00edtica Social e Igualdad, Leire Paj\u00edn, durante su primera  interpelaci\u00f3n ante el pleno del Congreso de los Diputados desde que est\u00e1  en el cargo. <\/p>\n<p>La situaci\u00f3n de los menores en entornos de  violencia de g\u00e9nero es especialmente delicado este a\u00f1o, ya que han  muerto cuatro ni\u00f1os junto a sus madres y otros 40 se han quedado  hu\u00e9rfanos tras los 58 asesinatos de mujeres que se han registrado hasta  hoy. El a\u00f1o pasado no muri\u00f3 ning\u00fan menor y quedaron hu\u00e9rfanos 36. El  aumento del n\u00famero de v\u00edctimas entre los ni\u00f1os se explica porque durante  2010 tambi\u00e9n <span style=\"font-weight: bold\">creci\u00f3 la cifra de mujeres extranjeras asesinadas, que suelen tener mayor prole<\/span>, seg\u00fan fuentes ministeriales.<\/p>\n<p>Paj\u00edn,  que respond\u00eda a una cuesti\u00f3n del PP sobre la situaci\u00f3n de los menores  v\u00edctimas de violencia de g\u00e9nero, impulsar\u00e1 y desarrollar\u00e1 la propuesta  de restringir autom\u00e1ticamente la patria potestad del condenado por  violencia de g\u00e9nero si se prueba que el contacto <span style=\"font-weight: bold\">afectar\u00e1 &quot;a la estabilidad y al normal desarrollo&quot; de los hijos<\/span>. <\/p>\n<p>En  la actualidad, la aplicaci\u00f3n de la Ley de Violencia de G\u00e9nero no supone  la retirada directa de los derechos aparejados a la paternidad ni para  los agresores condenados ni para los asesinos probados, sino que tan  s\u00f3lo faculta al juez para hacerlo en los casos en que consideren  convenientes. Para avanzar en ese sentido, en el departamento de  Igualdad se est\u00e1 estudiando c\u00f3mo y qu\u00e9 reformas legales ser\u00edan  necesarias para establecer grados de recorte de la patria potestad en  funci\u00f3n de la gravedad de los delitos cometidos.<\/p>\n<p>La ministra, que destac\u00f3 que <span style=\"font-weight: bold\">&quot;los menores han sido una de las principales preocupaciones&quot; del Ejecutivo<\/span>,  concret\u00f3 que su intenci\u00f3n es desarrollar las propuestas de modificaci\u00f3n  de la Ley de Violencia de G\u00e9nero planteadas en el informe de la  Subcomisi\u00f3n de Igualdad del Congreso, en el que se abordaba en detalle  el caso de los menores en entornos de violencia machista.<\/p>\n<h3><strong>Suspensi\u00f3n de las visitas<\/strong><\/h3>\n<p>Entre  estas propuestas del informe, presentado en diciembre de 2009, se  defiende que la condena firme por violencia de g\u00e9nero &quot;conlleve la  p\u00e9rdida de custodia de los hijos e hijas menores y se suspendan las  visitas cuando haya motivos para ello&quot;. Adem\u00e1s, se propone que la orden  de protecci\u00f3n sea extensiva a los menores junto con la de su madre. Y  que se le procure a estos ni\u00f1os asistencia psicol\u00f3gica cuando sea  necesario.<\/p>\n<p>En Espa\u00f1a existen 800.000 menores v\u00edctimas de violencia  de g\u00e9nero, de los que 200.000 son hijos e hijas de mujeres que han  recibido \u00f3rdenes de protecci\u00f3n, seg\u00fan un c\u00e1lculo que realiz\u00f3 la ONG Save  the Children para el desaparecido Ministerio de Igualdad. En ese mismo  trabajo, <span style=\"font-weight: bold\">la ONG asegur\u00f3 que s\u00f3lo el 4% de estos menores recibe atenci\u00f3n especializada<\/span>. <\/p>\n<p>A  esta minor\u00eda se refiri\u00f3 la diputada del PP Sandra Moneo para demandar  que el Gobierno pase &quot;de las buenas palabras a los hechos&quot; reconociendo a  estos ni\u00f1os &quot;como v\u00edctimas directas&quot; de la violencia de g\u00e9nero. &quot;No les  consideran como objeto de protecci\u00f3n especial&quot;, denunci\u00f3 Moneo, que  despu\u00e9s reclam\u00f3 a la ministra &quot;bajar de su pedestal y ver la triste  realidad&quot;.<\/p>\n<p>Paj\u00edn defendi\u00f3 la gesti\u00f3n del Ejecutivo: <span style=\"font-weight: bold\">&quot;Si toda la preocupaci\u00f3n del Grupo Popular es que el Gobierno<\/span>  reconozca la violencia hacia los menores como una prioridad, esta  interpelaci\u00f3n est\u00e1 resuelta porque lo ha sido siempre, lo es y lo ser\u00e1&quot;,  asegur\u00f3.<\/p>\n<p>Por otro lado, el presidente del Ejecutivo, Jos\u00e9 Luis  Rodr\u00edguez Zapatero demand\u00f3 de los grupos pol\u00edticos que se aparque &quot;de  una vez por todas la contienda electoral&quot; sobre las cuestiones referidas  a la violencia de g\u00e9nero. El presidente del Gobierno, que respond\u00eda a  una cuesti\u00f3n de CiU sobre las medidas que tomar\u00e1 el Gobierno ante el  &quot;recrudecimiento&quot; de las v\u00edctimas de violencia de g\u00e9nero, se mostr\u00f3 a  favor de ampliar los instrumentos de protecci\u00f3n a los hijos de las  mujeres que sufren violencia de g\u00e9nero. <\/p>\n<p>Para conseguirlo,  Zapatero anunci\u00f3 que el Gobierno est\u00e1 realizando un estudio de la  situaci\u00f3n espec\u00edfica de los menores y va a poner en marcha campa\u00f1as de  sensibilizaci\u00f3n &quot;para hacer visibles a los menores expuestos a  situaciones de violencia&quot;. <\/p>\n<p>publico.es <\/p>\n","protected":false},"excerpt":{"rendered":"<p>El Gobierno pretende que los ni\u00f1os sean considerados v\u00edctimas de violencia de g\u00e9nero en igualdad de condiciones que sus madres maltratadas y, por tanto, que los agresores condenados pierdan la custodia de los hijos o al menos sufran restricciones en el ejercicio de la patria potestad. Es lo que asegur\u00f3 ayer la ministra de Sanidad, [&hellip;]<\/p>\n","protected":false},"author":1,"featured_media":0,"comment_status":"open","ping_status":"open","sticky":false,"template":"","format":"standard","meta":{"footnotes":""},"categories":[],"tags":[],"class_list":["post-124","post","type-post","status-publish","format-standard","hentry"],"_links":{"self":[{"href":"https:\/\/todomediacion.com\/index.php?rest_route=\/wp\/v2\/posts\/124","targetHints":{"allow":["GET"]}}],"collection":[{"href":"https:\/\/todomediacion.com\/index.php?rest_route=\/wp\/v2\/posts"}],"about":[{"href":"https:\/\/todomediacion.com\/index.php?rest_route=\/wp\/v2\/types\/post"}],"author":[{"embeddable":true,"href":"https:\/\/todomediacion.com\/index.php?rest_route=\/wp\/v2\/users\/1"}],"replies":[{"embeddable":true,"href":"https:\/\/todomediacion.com\/index.php?rest_route=%2Fwp%2Fv2%2Fcomments&post=124"}],"version-history":[{"count":1,"href":"https:\/\/todomediacion.com\/index.php?rest_route=\/wp\/v2\/posts\/124\/revisions"}],"predecessor-version":[{"id":501,"href":"https:\/\/todomediacion.com\/index.php?rest_route=\/wp\/v2\/posts\/124\/revisions\/501"}],"wp:attachment":[{"href":"https:\/\/todomediacion.com\/index.php?rest_route=%2Fwp%2Fv2%2Fmedia&parent=124"}],"wp:term":[{"taxonomy":"category","embeddable":true,"href":"https:\/\/todomediacion.com\/index.php?rest_route=%2Fwp%2Fv2%2Fcategories&post=124"},{"taxonomy":"post_tag","embeddable":true,"href":"https:\/\/todomediacion.com\/index.php?rest_route=%2Fwp%2Fv2%2Ftags&post=124"}],"curies":[{"name":"wp","href":"https:\/\/api.w.org\/{rel}","templated":true}]}}