{"id":139,"date":"2011-09-21T17:53:55","date_gmt":"2011-09-21T15:53:55","guid":{"rendered":""},"modified":"2021-10-11T15:49:25","modified_gmt":"2021-10-11T13:49:25","slug":"la-mediacion-respuesta-a-los-nuevos-conflictos-que-se-generan-en-la-sociedad","status":"publish","type":"post","link":"https:\/\/todomediacion.com\/node\/139","title":{"rendered":"La mediaci\u00f3n; respuesta a los nuevos conflictos que se generan en la sociedad"},"content":{"rendered":"<p><strong>Por \u00a0Teresa Ben\u00edtez Lora.\u00a0Directora-gerente\u00a0Fundaci\u00f3n Mediara<\/strong>,\u00a0<strong>www.fundacionmediara.es\u00a0<\/strong> <\/p>\n<p>Nos encontramos ante nuevos retos en materia de Justicia. La actual situaci\u00f3n mundial, la crisis financiera, las consecuencias de la globalizaci\u00f3n de los mercados, las diferentes formas de relacionarnos a trav\u00e9s de internet,\u00a0 nos obligan a dar otras respuestas para solucionar los conflictos que surgen ante estos diferentes escenarios.<\/p>\n<p>Existen tambi\u00e9n, en el momento actual, razones de oportunidad para intentar nuevas f\u00f3rmula que den respuesta a problemas de siempre. A veces es necesario concitar nuevas voluntades y <em>ejercer otra mirada<\/em> sobre asuntos y conflictos que siempre nos hemos planteado y encontrado en muy diversos \u00e1mbitos.<\/p>\n<p>Desde la Junta de Andaluc\u00eda a trav\u00e9s de la Consejer\u00eda de Gobernaci\u00f3n y Justicia se han venido apoyando y poniendo en marcha muchas iniciativas en materia de mediaci\u00f3n y arbitraje que han venido a cubrir esa demanda de los ciudadanos y de los agentes econ\u00f3micos y sociales. Basta recordar la ley de mediaci\u00f3n familiar, los programas implantados en relaci\u00f3n con la Ley Org\u00e1nica de Responsabilidad Penal del Menor, el S.E.R.C.L.A \u00a0desde el \u00e1mbito de empleo, as\u00ed como el arbitraje y mediaci\u00f3n en materia de consumo, etc.<\/p>\n<p>Es competencia de los poderes p\u00fablicos promover la creaci\u00f3n y consolidaci\u00f3n de estos sistemas alternativos y desde la comunidad aut\u00f3noma se est\u00e1n poniendo en marcha mecanismos para dar este impulso. La creaci\u00f3n de la Fundaci\u00f3n P\u00fablica Andaluza Mediara, recientemente puesta en marcha, \u00a0juega ese papel de impulsora y promotora de sistemas alternativos de resoluci\u00f3n de conflictos.<\/p>\n<p>La Justiciatambi\u00e9n tiene que explorar nuevos caminos que satisfagan las demandas de\u00a0 los ciudadanos. Los sistemas alternativos de resoluci\u00f3n de conflictos (Alternative Dispute Resolution ADR) est\u00e1n resultando una salida para aquellas personas que se enfrentan a situaciones conflictivas a las cuales nuestro actual sistema judicial no est\u00e1 dando respuesta.<\/p>\n<p>La participaci\u00f3n directa de las personas en la soluci\u00f3n de sus controversias supone dar respuesta a varios problemas: la excesiva judicializaci\u00f3n de los conflictos, la necesidad de cambio cultural para hacer visible que<strong><em>\u00a0 \u201c<\/em><\/strong><em>las personas somos parte del problema pero tambi\u00e9n parte de la soluci\u00f3n\u201d<\/em>,\u00a0 que no siempre es el Juez quien tiene la respuesta aunque sepamos que siempre est\u00e1 ah\u00ed cuando hace falta.<\/p>\n<p>Los pa\u00edses de nuestro entorno, incluido el nuestro, vienen desarrollando en sus respectivos ordenamientos jur\u00eddicos,\u00a0 normas que posibiliten la implantaci\u00f3n de los sistemas alternativos \u00a0(ADR) como instrumentos eficaces\u00a0 y eficientes que ofrezcan a la ciudadan\u00eda garant\u00edas jur\u00eddicas.<\/p>\n<p>Si queremos conseguir nuevos resultados, estamos obligados a experimentar nuevas formulas.<\/p>\n<p>&nbsp;<\/p>\n<p>TAREAS INMEDIATAS:<\/p>\n<p>Entre las actividades m\u00e1s destacadas que la Fundaci\u00f3n tiene prevista organizar en 2011 est\u00e1n la celebraci\u00f3n de las I Jornadas T\u00e9cnicas \u201cMediaci\u00f3n: Nuevos Enfoques de la Justicia\u201d los pr\u00f3ximos 20 y 21 de Octubre de 2011 en El Puerto de Santa Mar\u00eda (C\u00e1diz).<\/p>\n","protected":false},"excerpt":{"rendered":"<p>Por \u00a0Teresa Ben\u00edtez Lora.\u00a0Directora-gerente\u00a0Fundaci\u00f3n Mediara,\u00a0www.fundacionmediara.es\u00a0 Nos encontramos ante nuevos retos en materia de Justicia. La actual situaci\u00f3n mundial, la crisis financiera, las consecuencias de la globalizaci\u00f3n de los mercados, las diferentes formas de relacionarnos a trav\u00e9s de internet,\u00a0 nos obligan a dar otras respuestas para solucionar los conflictos que surgen ante estos diferentes escenarios. Existen [&hellip;]<\/p>\n","protected":false},"author":1,"featured_media":0,"comment_status":"open","ping_status":"open","sticky":false,"template":"","format":"standard","meta":{"footnotes":""},"categories":[],"tags":[],"class_list":["post-139","post","type-post","status-publish","format-standard","hentry"],"_links":{"self":[{"href":"https:\/\/todomediacion.com\/index.php?rest_route=\/wp\/v2\/posts\/139","targetHints":{"allow":["GET"]}}],"collection":[{"href":"https:\/\/todomediacion.com\/index.php?rest_route=\/wp\/v2\/posts"}],"about":[{"href":"https:\/\/todomediacion.com\/index.php?rest_route=\/wp\/v2\/types\/post"}],"author":[{"embeddable":true,"href":"https:\/\/todomediacion.com\/index.php?rest_route=\/wp\/v2\/users\/1"}],"replies":[{"embeddable":true,"href":"https:\/\/todomediacion.com\/index.php?rest_route=%2Fwp%2Fv2%2Fcomments&post=139"}],"version-history":[{"count":1,"href":"https:\/\/todomediacion.com\/index.php?rest_route=\/wp\/v2\/posts\/139\/revisions"}],"predecessor-version":[{"id":488,"href":"https:\/\/todomediacion.com\/index.php?rest_route=\/wp\/v2\/posts\/139\/revisions\/488"}],"wp:attachment":[{"href":"https:\/\/todomediacion.com\/index.php?rest_route=%2Fwp%2Fv2%2Fmedia&parent=139"}],"wp:term":[{"taxonomy":"category","embeddable":true,"href":"https:\/\/todomediacion.com\/index.php?rest_route=%2Fwp%2Fv2%2Fcategories&post=139"},{"taxonomy":"post_tag","embeddable":true,"href":"https:\/\/todomediacion.com\/index.php?rest_route=%2Fwp%2Fv2%2Ftags&post=139"}],"curies":[{"name":"wp","href":"https:\/\/api.w.org\/{rel}","templated":true}]}}