{"id":144,"date":"2011-11-19T12:40:41","date_gmt":"2011-11-19T10:40:41","guid":{"rendered":""},"modified":"2021-10-11T15:49:12","modified_gmt":"2021-10-11T13:49:12","slug":"el-vicepresidente-del-cgpj-pide-una-ley-que-regule-la-custodia-compartida","status":"publish","type":"post","link":"https:\/\/todomediacion.com\/node\/144","title":{"rendered":"El vicepresidente del CGPJ pide una ley que regule la custodia compartida"},"content":{"rendered":"<p>\u00abNi un solo conflicto de pareja deber\u00eda alcanzar bajo ning\u00fan concepto a  los hijos. El que decida procrear, que lo haga con todas las  consecuencias\u00bb. Fernando de Rosa Torner (Valencia, 1959) es  vicepresidente del Consejo General del Poder Judicial y fue consejero de  Justicia de la Generalitat valenciana. Ayer particip\u00f3 en la jornada  sobre divorcio y menores celebrada en el auditorio Pr\u00edncipe Felipe, en  Oviedo. <\/p>\n<p>De Rosa pidi\u00f3 una ley que regule la custodia compartida y  potenciar la figura de los Juzgados especializados en derecho de  familia. <\/p>\n<p>-\u00bfSeguimos viviendo el divorcio con esp\u00edritu latino, es decir, a guerra limpia? <\/p>\n<p>-Hay que romper mitos. Tambi\u00e9n entre los anglosajones hay muchos procesos de ruptura muy violentos. Es la condici\u00f3n humana. <\/p>\n<p>\u00abCada divorcio es un mundo\u00bb, se\u00f1ala el jurista, \u00abpero la  responsabilidad de reducir la conflictividad, sobre todo cuando hay  menores involucrados, es de todos\u00bb. Fernando de Rosa record\u00f3 que el  ministerio fiscal tiene la obligaci\u00f3n de intervenir aunque la pareja en  crisis no sea oficialmente una uni\u00f3n, \u00abporque la protecci\u00f3n del menor no  tiene nada que ver con que sus padres est\u00e9n casados o no\u00bb. Mediaci\u00f3n  familiar, custodia compartida, punto de encuentro. Son los tres ejes que  habr\u00e1 que desarrollar en los pr\u00f3ximos a\u00f1os, no tanto para la resoluci\u00f3n  de los conflictos como para la salvaguarda de sus principales v\u00edctimas,  los menores. <\/p>\n<p>El vicepresidente del Consejo General del Poder Judicial afirma  que la actual ley del Divorcio \u00abes una buena ley\u00bb a la que se le han  a\u00f1adido en tres d\u00e9cadas \u00abmuchas reformas\u00bb necesarias. Fernando de Rosa  Torner prefiere no relacionar los procesos judiciales de ruptura de  pareja con las negras estad\u00edsticas de la violencia de g\u00e9nero,  \u00abconsiderada por algunos hombres como un m\u00e9todo de actuaci\u00f3n con las  mujeres\u00bb. <\/p>\n<p>Desde que la ley de Divorcio fue aprobada, en 1981, m\u00e1s de dos  millones y medio de matrimonios han optado por separarse o divorciarse  en Espa\u00f1a. En 2010 el 93% de las rupturas matrimoniales acabaron en  divorcio.<\/p>\n<p>www.ine.es <\/p>\n","protected":false},"excerpt":{"rendered":"<p>\u00abNi un solo conflicto de pareja deber\u00eda alcanzar bajo ning\u00fan concepto a los hijos. El que decida procrear, que lo haga con todas las consecuencias\u00bb. Fernando de Rosa Torner (Valencia, 1959) es vicepresidente del Consejo General del Poder Judicial y fue consejero de Justicia de la Generalitat valenciana. Ayer particip\u00f3 en la jornada sobre divorcio [&hellip;]<\/p>\n","protected":false},"author":1,"featured_media":0,"comment_status":"open","ping_status":"open","sticky":false,"template":"","format":"standard","meta":{"footnotes":""},"categories":[],"tags":[],"class_list":["post-144","post","type-post","status-publish","format-standard","hentry"],"_links":{"self":[{"href":"https:\/\/todomediacion.com\/index.php?rest_route=\/wp\/v2\/posts\/144","targetHints":{"allow":["GET"]}}],"collection":[{"href":"https:\/\/todomediacion.com\/index.php?rest_route=\/wp\/v2\/posts"}],"about":[{"href":"https:\/\/todomediacion.com\/index.php?rest_route=\/wp\/v2\/types\/post"}],"author":[{"embeddable":true,"href":"https:\/\/todomediacion.com\/index.php?rest_route=\/wp\/v2\/users\/1"}],"replies":[{"embeddable":true,"href":"https:\/\/todomediacion.com\/index.php?rest_route=%2Fwp%2Fv2%2Fcomments&post=144"}],"version-history":[{"count":1,"href":"https:\/\/todomediacion.com\/index.php?rest_route=\/wp\/v2\/posts\/144\/revisions"}],"predecessor-version":[{"id":483,"href":"https:\/\/todomediacion.com\/index.php?rest_route=\/wp\/v2\/posts\/144\/revisions\/483"}],"wp:attachment":[{"href":"https:\/\/todomediacion.com\/index.php?rest_route=%2Fwp%2Fv2%2Fmedia&parent=144"}],"wp:term":[{"taxonomy":"category","embeddable":true,"href":"https:\/\/todomediacion.com\/index.php?rest_route=%2Fwp%2Fv2%2Fcategories&post=144"},{"taxonomy":"post_tag","embeddable":true,"href":"https:\/\/todomediacion.com\/index.php?rest_route=%2Fwp%2Fv2%2Ftags&post=144"}],"curies":[{"name":"wp","href":"https:\/\/api.w.org\/{rel}","templated":true}]}}