{"id":145,"date":"2011-12-12T19:54:56","date_gmt":"2011-12-12T17:54:56","guid":{"rendered":""},"modified":"2021-10-11T15:49:09","modified_gmt":"2021-10-11T13:49:09","slug":"el-t-constitucional-levanta-la-suspension-cautelar-a-la-ley-de-custodia-compartida-valenciana","status":"publish","type":"post","link":"https:\/\/todomediacion.com\/node\/145","title":{"rendered":"El T. Constitucional levanta la suspensi\u00f3n cautelar a la Ley de Custodia Compartida valenciana"},"content":{"rendered":"<table border=\"0\" cellspacing=\"0\" width=\"760\">\n<tbody>\n<tr>\n<td width=\"730\" height=\"1\">\n<div id=\"contenido\" class=\"estilo_entradilla\">\n<div>\n<p style=\"margin: 0cm 0cm 0pt; text-indent: 35.45pt; text-align: justify\" class=\"MsoNormal\"><span style=\"font-size: 10pt; font-family: Verdana\">El  Tribunal Constitucional ha levantado este lunes la suspensi\u00f3n cautelar  de la Ley de Custodia Compartida aprobada en el Parlamento valenciano.  El conseller de Gobernaci\u00f3n, Seraf\u00edn Castellano, ha mostrado la  satisfacci\u00f3n del Ejecutivo por la resoluci\u00f3n del Constitucional.<\/span><\/p>\n<p style=\"margin: 0cm 0cm 0pt; text-indent: 35.45pt; text-align: justify\" class=\"MsoNormal\"><span style=\"font-size: 10pt; font-family: Verdana\">\u00a0<\/span><\/p>\n<p style=\"margin: 0cm 0cm 0pt; text-indent: 35.45pt; text-align: justify\" class=\"MsoNormal\"><span style=\"font-size: 10pt; font-family: Verdana\">El  conseller ha asegurado que con esta decisi\u00f3n, el alto Tribunal da la  raz\u00f3n a los argumentos de la abogac\u00eda de la Generalitat y, por tanto, la  ley podr\u00e1 aplicarse en cuanto se haga efectiva la resoluci\u00f3n.<\/span><\/p>\n<p style=\"margin: 0cm 0cm 0pt; text-indent: 35.45pt; text-align: justify\" class=\"MsoNormal\"><span style=\"font-size: 10pt; font-family: Verdana\">\u00a0<\/span><\/p>\n<p style=\"margin: 0cm 0cm 0pt; text-indent: 35.45pt; text-align: justify\" class=\"MsoNormal\"><span style=\"font-size: 10pt; font-family: Verdana\">Para  el conseller de Gobernaci\u00f3n es &quot;una satisfacci\u00f3n y una buena noticia&quot;  que quiere compartir con los &quot;padres y madres y todos los colectivos que  han luchado para que esta ley pudiera salir adelante&quot;.<\/span><\/p>\n<p style=\"margin: 0cm 0cm 0pt; text-indent: 35.45pt; text-align: justify\" class=\"MsoNormal\"><span style=\"font-size: 10pt; font-family: Verdana\">\u00a0<\/span><\/p>\n<p style=\"margin: 0cm 0cm 0pt; text-indent: 35.45pt; text-align: justify\" class=\"MsoNormal\"><span style=\"font-size: 10pt; font-family: Verdana\">Castellano  ha recordado que con esta decisi\u00f3n &quot;es la segunda vez que el TC da la  raz\u00f3n a la Generalitat puesto que ya lo hizo con la Ley de R\u00e9gimen  Econ\u00f3mico Matrimonial Valenciana decidiendo tambi\u00e9n el levantamiento de  dicha suspensi\u00f3n&quot;.<\/span><\/p>\n<p style=\"margin: 0cm 0cm 0pt; text-indent: 35.45pt; text-align: justify\" class=\"MsoNormal\"><span style=\"font-size: 10pt; font-family: Verdana\">\u00a0<\/span><\/p>\n<p style=\"margin: 0cm 0cm 0pt; text-indent: 35.45pt; text-align: justify\" class=\"MsoNormal\"><span style=\"font-size: 10pt; font-family: Verdana\">Asimismo,  el conseller de Gobernaci\u00f3n ha explicado que se trata de &quot;una ley que  protege el inter\u00e9s del menor para que no sean moneda de cambio o paguen  los platos rotos de las desavenencias entre sus progenitores, por tanto  estamos ante una ley tremendamente beneficiosa para la sociedad porque  busca evitar la conflictividad judicial y hace prevalecer el inter\u00e9s del  menor, adem\u00e1s de tratarse de una norma muy demandada por la sociedad&quot;.<\/span><\/p>\n<p style=\"margin: 0cm 0cm 0pt; text-indent: 35.45pt; text-align: justify\" class=\"MsoNormal\"><span style=\"font-size: 10pt; font-family: Verdana\">\u00a0<\/span><\/p>\n<p style=\"margin: 0cm 0cm 0pt; text-indent: 35.45pt; text-align: justify\" class=\"MsoNormal\"><span style=\"font-size: 10pt; font-family: Verdana\">La  suspensi\u00f3n de la norma auton\u00f3mica se produjo a ra\u00edz del recurso  presentado por el Gobierno central contra la aplicaci\u00f3n de sus  preceptos, al considerar que el texto vulnera las competencias del  Estado sobre legislaci\u00f3n civil.<\/span><\/p>\n<p style=\"margin: 0cm 0cm 0pt; text-indent: 35.45pt; text-align: justify\" class=\"MsoNormal\"><span style=\"font-size: 10pt; font-family: Verdana\">\u00a0<\/span><\/p>\n<p style=\"margin: 0cm 0cm 0pt; text-indent: 35.45pt; text-align: justify\" class=\"MsoNormal\"><span style=\"font-size: 10pt; font-family: Verdana\">La  Ley de Custodia Compartida fue aprobada en las Cortes Valencianas el 24  de marzo del presente a\u00f1o con 50 votos a favor y 38 en contra. La  norma, que da prioridad al acuerdo entre los progenitores, establece el  principio general de custodia compartida en los casos en los que el  pacto no sea posible.<\/span><\/p>\n<p style=\"margin: 0cm 0cm 0pt; text-indent: 35.45pt; text-align: justify\" class=\"MsoNormal\">&nbsp;<\/p>\n<p style=\"margin: 0cm 0cm 0pt; text-indent: 35.45pt; text-align: justify\" class=\"MsoNormal\">&nbsp;<\/p>\n<p style=\"margin: 0cm 0cm 0pt; text-indent: 35.45pt; text-align: justify\" class=\"MsoNormal\">elmundo.es <\/p>\n<\/div>\n<\/div>\n<\/td>\n<td width=\"8\" height=\"1\"><img decoding=\"async\" src=\"http:\/\/www.lexfamily.es\/transparente.gif\" alt=\"\" width=\"8\" height=\"1\" \/><\/td>\n<\/tr>\n<\/tbody>\n<\/table>\n","protected":false},"excerpt":{"rendered":"<p>El Tribunal Constitucional ha levantado este lunes la suspensi\u00f3n cautelar de la Ley de Custodia Compartida aprobada en el Parlamento valenciano. El conseller de Gobernaci\u00f3n, Seraf\u00edn Castellano, ha mostrado la satisfacci\u00f3n del Ejecutivo por la resoluci\u00f3n del Constitucional. \u00a0 El conseller ha asegurado que con esta decisi\u00f3n, el alto Tribunal da la raz\u00f3n a los [&hellip;]<\/p>\n","protected":false},"author":1,"featured_media":0,"comment_status":"open","ping_status":"open","sticky":false,"template":"","format":"standard","meta":{"footnotes":""},"categories":[],"tags":[],"class_list":["post-145","post","type-post","status-publish","format-standard","hentry"],"_links":{"self":[{"href":"https:\/\/todomediacion.com\/index.php?rest_route=\/wp\/v2\/posts\/145","targetHints":{"allow":["GET"]}}],"collection":[{"href":"https:\/\/todomediacion.com\/index.php?rest_route=\/wp\/v2\/posts"}],"about":[{"href":"https:\/\/todomediacion.com\/index.php?rest_route=\/wp\/v2\/types\/post"}],"author":[{"embeddable":true,"href":"https:\/\/todomediacion.com\/index.php?rest_route=\/wp\/v2\/users\/1"}],"replies":[{"embeddable":true,"href":"https:\/\/todomediacion.com\/index.php?rest_route=%2Fwp%2Fv2%2Fcomments&post=145"}],"version-history":[{"count":1,"href":"https:\/\/todomediacion.com\/index.php?rest_route=\/wp\/v2\/posts\/145\/revisions"}],"predecessor-version":[{"id":482,"href":"https:\/\/todomediacion.com\/index.php?rest_route=\/wp\/v2\/posts\/145\/revisions\/482"}],"wp:attachment":[{"href":"https:\/\/todomediacion.com\/index.php?rest_route=%2Fwp%2Fv2%2Fmedia&parent=145"}],"wp:term":[{"taxonomy":"category","embeddable":true,"href":"https:\/\/todomediacion.com\/index.php?rest_route=%2Fwp%2Fv2%2Fcategories&post=145"},{"taxonomy":"post_tag","embeddable":true,"href":"https:\/\/todomediacion.com\/index.php?rest_route=%2Fwp%2Fv2%2Ftags&post=145"}],"curies":[{"name":"wp","href":"https:\/\/api.w.org\/{rel}","templated":true}]}}