{"id":147,"date":"2011-12-12T20:19:32","date_gmt":"2011-12-12T18:19:32","guid":{"rendered":""},"modified":"2021-10-11T15:49:02","modified_gmt":"2021-10-11T13:49:02","slug":"hay-que-apostar-por-la-custodia-compartida","status":"publish","type":"post","link":"https:\/\/todomediacion.com\/node\/147","title":{"rendered":"\u00abHay que apostar por la custodia compartida\u00bb"},"content":{"rendered":"<table border=\"0\" cellspacing=\"0\" width=\"760\">\n<tbody>\n<tr>\n<td width=\"730\" height=\"1\">\n<div id=\"contenido\" class=\"estilo_entradilla\">\n<div>\n<div>\n<p style=\"margin: 0cm 1cm 0pt 14.2pt; text-indent: 35.45pt; line-height: 13pt; text-align: justify\" class=\"MsoNormal\"><span style=\"font-size: 10pt; font-family: \u00b4Verdana\u00b4,\u00b4sans-serif\u00b4\">Paulino  Castells es doctor en Medicina y Cirug\u00eda por la Universidad de  Barcelona, especialista en pediatr\u00eda, neurolog\u00eda y psiquiatr\u00eda y  profesor agregado en la licenciatura de Psicolog\u00eda de la Universidad  Abat Oliba CEU de Barcelona. Recientemente ha publicado el libro \u00b4Los  padres no se divorcian de los hijos\u00b4, el que pretende que se regale y lo  lea todo el mundo, especialmente en los juzgados de familia. El propio  escritor lo considera una &quot;vacuna que pueden admistrar los padres para  inmunizar a los hijos en el trauma del divorcio&quot;, pues incorpora  numerosos consejos para que &quot;el ni\u00f1o lo lleve lo mejor posible&quot;. <\/span><\/p>\n<p style=\"margin: 0cm 1cm 0pt 14.2pt; text-indent: 35.45pt; line-height: 13pt; text-align: justify\" class=\"MsoNormal\"><span style=\"font-size: 10pt; font-family: \u00b4Verdana\u00b4,\u00b4sans-serif\u00b4\">\u00a0<\/span><\/p>\n<p style=\"margin: 0cm 1cm 0pt 14.2pt; text-indent: 35.45pt; line-height: 13pt; text-align: justify\" class=\"MsoNormal\"><span style=\"font-size: 10pt; color: #548dd4; font-family: \u00b4Verdana\u00b4,\u00b4sans-serif\u00b4\">\u00bfQu\u00e9 es exactamente lo que usted denomina \u00b4psiquiatr\u00eda de la familia\u00b4? <\/span><\/p>\n<p style=\"margin: 0cm 1cm 0pt 14.2pt; text-indent: 35.45pt; line-height: 13pt; text-align: justify\" class=\"MsoNormal\"><span style=\"font-size: 10pt; font-family: \u00b4Verdana\u00b4,\u00b4sans-serif\u00b4\">\u00a0<\/span><\/p>\n<p style=\"margin: 0cm 1cm 0pt 14.2pt; text-indent: 35.45pt; line-height: 13pt; text-align: justify\" class=\"MsoNormal\"><span style=\"font-size: 10pt; font-family: \u00b4Verdana\u00b4,\u00b4sans-serif\u00b4\"><span>\u00a0\u00a0 <\/span>Es  una rama de la psiquiatria que trata temas derivados de la convivencia  familiar, especialmente se centra en situaciones en las que se  deterioran las relaciones entre los miembros de una familia, ya sea  entre padres e hijos, entre la pareja de padres, entre<span>\u00a0 <\/span>hermanos o entre los parientes pr\u00f3ximos.<span>\u00a0 <\/span>Todas  estas circunstancias se traducen en cuadros de tensi\u00f3n, ansiedad,  depresi\u00f3n o rechazo y estos son precisamente los s\u00edntomas que se tratan  dentro de la psiquiatr\u00eda de la familia.<span>\u00a0 <\/span><\/span><\/p>\n<p style=\"margin: 0cm 1cm 0pt 14.2pt; text-indent: 35.45pt; line-height: 13pt; text-align: justify\" class=\"MsoNormal\"><span style=\"font-size: 10pt; font-family: \u00b4Verdana\u00b4,\u00b4sans-serif\u00b4\">\u00a0<\/span><\/p>\n<p style=\"margin: 0cm 1cm 0pt 14.2pt; text-indent: 35.45pt; line-height: 13pt; text-align: justify\" class=\"MsoNormal\"><span style=\"font-size: 10pt; color: #548dd4; font-family: \u00b4Verdana\u00b4,\u00b4sans-serif\u00b4\">\u00bfQu\u00e9 efectos generales tiene en los menores la separaci\u00f3n de los padres?<\/span><\/p>\n<p style=\"margin: 0cm 1cm 0pt 14.2pt; text-indent: 35.45pt; line-height: 13pt; text-align: justify\" class=\"MsoNormal\"><span style=\"font-size: 10pt; font-family: \u00b4Verdana\u00b4,\u00b4sans-serif\u00b4\">\u00a0<\/span><\/p>\n<p style=\"margin: 0cm 1cm 0pt 14.2pt; text-indent: 35.45pt; line-height: 13pt; text-align: justify\" class=\"MsoNormal\"><span style=\"font-size: 10pt; font-family: \u00b4Verdana\u00b4,\u00b4sans-serif\u00b4\">Una  separaci\u00f3n siempre es un shock para el ni\u00f1o. Aunque en funci\u00f3n de la  relaci\u00f3n que manten\u00eda con los padres les afectar\u00e1 en mayor o menor  medida. Tenemos que tener claro que la separacion no es m\u00e1s que un  fotograma de una pel\u00edcula que ha empezado hace mucho tiempo y que le  queda bastante para terminar. <\/span><\/p>\n<p style=\"margin: 0cm 1cm 0pt 14.2pt; text-indent: 35.45pt; line-height: 13pt; text-align: justify\" class=\"MsoNormal\"><span style=\"font-size: 10pt; font-family: \u00b4Verdana\u00b4,\u00b4sans-serif\u00b4\">\u00a0<\/span><\/p>\n<p style=\"margin: 0cm 1cm 0pt 14.2pt; text-indent: 35.45pt; line-height: 13pt; text-align: justify\" class=\"MsoNormal\"><span style=\"font-size: 10pt; font-family: \u00b4Verdana\u00b4,\u00b4sans-serif\u00b4\"><span>\u00a0\u00a0 <\/span>En  ocasiones la separaci\u00f3n es favorable, pues la situaci\u00f3n que se viv\u00eda en  casa antes de la separaci\u00f3n de los padres era insostenible y la ruptura  es la mejor opci\u00f3n, tanto para ellos como para los menores, a los que  yo lamo &quot;los hijos del suspiro&quot;, pues cuando les pregunto que c\u00f3mo est\u00e1n  tras la separaci\u00f3n de sus padres me contestan con un suspiro de alivio.  Adem\u00e1s, hay veces que la separaci\u00f3n sirve para que los hijos conozcan  m\u00e1s a uno de sus dos progenitores, porque es frecuente que en la  relaci\u00f3n uno de los dos c\u00f3nyuge estuviera omnipresente y arrinconara el  otro, lo que dificultaba que el hijo pudiera conocerle tal y como  realmente es, y as\u00ed cuando se separa, el hijo puede acceder mejor a \u00e9l. <\/span><\/p>\n<p style=\"margin: 0cm 1cm 0pt 14.2pt; text-indent: 35.45pt; line-height: 13pt; text-align: justify\" class=\"MsoNormal\"><span style=\"font-size: 10pt; font-family: \u00b4Verdana\u00b4,\u00b4sans-serif\u00b4\">\u00a0<\/span><\/p>\n<p style=\"margin: 0cm 1cm 0pt 14.2pt; text-indent: 35.45pt; line-height: 13pt; text-align: justify\" class=\"MsoNormal\"><span style=\"font-size: 10pt; color: #548dd4; font-family: \u00b4Verdana\u00b4,\u00b4sans-serif\u00b4\">\u00bfY a largo plazo, c\u00f3mo puede influir el divorcio en la vida del hijo y en sus relaciones personales? <\/span><\/p>\n<p style=\"margin: 0cm 1cm 0pt 14.2pt; text-indent: 35.45pt; line-height: 13pt; text-align: justify\" class=\"MsoNormal\"><span style=\"font-size: 10pt; font-family: \u00b4Verdana\u00b4,\u00b4sans-serif\u00b4\">\u00a0<\/span><\/p>\n<p style=\"margin: 0cm 1cm 0pt 14.2pt; text-indent: 35.45pt; line-height: 13pt; text-align: justify\" class=\"MsoNormal\"><span style=\"font-size: 10pt; font-family: \u00b4Verdana\u00b4,\u00b4sans-serif\u00b4\"><span>\u00a0\u00a0 <\/span>No  se sabe a ciencia cierta c\u00f3mo van actuar en el futuro los ni\u00f1os de hoy  que han vivido en sus carnes una separaci\u00f3n traum\u00e1tica. Tampoco como van  actuar en sus relaciones personales, familiares y sociales porque  depende de muchas variables y s\u00f3lo se podr\u00e1 comprobar dentro de 15 o 20  a\u00f1os. Creo que pueden actuar de dos maneras muy diferentes: o bien,  negarse a casarse y a tener hijos por miedo a repetir la situaci\u00f3n que  vivi\u00f3 cuando era ni\u00f1o; o bien, querer formar una familia intentando, por  todos los medios, que no pase lo que sucedi\u00f3 en su pasado. <\/span><\/p>\n<p style=\"margin: 0cm 1cm 0pt 14.2pt; text-indent: 35.45pt; line-height: 13pt; text-align: justify\" class=\"MsoNormal\"><span style=\"font-size: 10pt; font-family: \u00b4Verdana\u00b4,\u00b4sans-serif\u00b4\">\u00a0<\/span><\/p>\n<p style=\"margin: 0cm 1cm 0pt 14.2pt; text-indent: 35.45pt; line-height: 13pt; text-align: justify\" class=\"MsoNormal\"><span style=\"font-size: 10pt; color: #548dd4; font-family: \u00b4Verdana\u00b4,\u00b4sans-serif\u00b4\">\u00bfEstos efectos son diferentes seg\u00fan la edad y el sexo? <\/span><\/p>\n<p style=\"margin: 0cm 1cm 0pt 14.2pt; text-indent: 35.45pt; line-height: 13pt; text-align: justify\" class=\"MsoNormal\"><span style=\"font-size: 10pt; font-family: \u00b4Verdana\u00b4,\u00b4sans-serif\u00b4\">\u00a0<\/span><\/p>\n<p style=\"margin: 0cm 1cm 0pt 14.2pt; text-indent: 35.45pt; line-height: 13pt; text-align: justify\" class=\"MsoNormal\"><span style=\"font-size: 10pt; font-family: \u00b4Verdana\u00b4,\u00b4sans-serif\u00b4\"><span>\u00a0\u00a0 <\/span>El  divorcio tiene una influencia distinta en los hijos seg\u00fan las edades y  el sexo de estos. Es cierto que tras una separaci\u00f3n siempre est\u00e1 m\u00e1s  amparada la ni\u00f1a que el ni\u00f1o, porque act\u00faan con sumisi\u00f3n y pasividad, lo  que no molesta al entorno y \u00e9ste se vuelca con \u00e9l. Por el contrario, el  chico toma una actitud de rebeld\u00eda e irritabilidad hacia el exterior, y  el entorno rechaza este comportamiento. <\/span><\/p>\n<p style=\"margin: 0cm 1cm 0pt 14.2pt; text-indent: 35.45pt; line-height: 13pt; text-align: justify\" class=\"MsoNormal\"><span style=\"font-size: 10pt; font-family: \u00b4Verdana\u00b4,\u00b4sans-serif\u00b4\">\u00a0<\/span><\/p>\n<p style=\"margin: 0cm 1cm 0pt 14.2pt; text-indent: 35.45pt; line-height: 13pt; text-align: justify\" class=\"MsoNormal\"><span style=\"font-size: 10pt; font-family: \u00b4Verdana\u00b4,\u00b4sans-serif\u00b4\">En  cuanto a la edad, considero que la peor edad es la adolescencia, porque  el joven necesita un modelo de identificaci\u00f3n muy fuerte y cuando  desaparece este personaje admirado, \u00e9l se queda &quot;hu\u00e9rfano&quot; de esta  imagen que es la que le ayudar\u00eda a madurar en esta epoca tan fr\u00e1gil de  su desarrollo.<span>\u00a0 <\/span><\/span><\/p>\n<p style=\"margin: 0cm 1cm 0pt 14.2pt; text-indent: 35.45pt; line-height: 13pt; text-align: justify\" class=\"MsoNormal\"><span style=\"font-size: 10pt; font-family: \u00b4Verdana\u00b4,\u00b4sans-serif\u00b4\">\u00a0<\/span><\/p>\n<p style=\"margin: 0cm 1cm 0pt 14.2pt; text-indent: 35.45pt; line-height: 13pt; text-align: justify\" class=\"MsoNormal\"><span style=\"font-size: 10pt; color: #548dd4; font-family: \u00b4Verdana\u00b4,\u00b4sans-serif\u00b4\">\u00bfA qu\u00e9 puede ser debido el incremento del n\u00famero de divorcios en los \u00faltimos a\u00f1os?<\/span><\/p>\n<p style=\"margin: 0cm 1cm 0pt 14.2pt; text-indent: 35.45pt; line-height: 13pt; text-align: justify\" class=\"MsoNormal\"><span style=\"font-size: 10pt; font-family: \u00b4Verdana\u00b4,\u00b4sans-serif\u00b4\">\u00a0<\/span><\/p>\n<p style=\"margin: 0cm 1cm 0pt 14.2pt; text-indent: 35.45pt; line-height: 13pt; text-align: justify\" class=\"MsoNormal\"><span style=\"font-size: 10pt; font-family: \u00b4Verdana\u00b4,\u00b4sans-serif\u00b4\"><span>\u00a0\u00a0 <\/span>Uno  de los m\u00faltiples factores responsables de este incremento es el  indiviualismo que impera, cada vez m\u00e1s, en nuestra sociedad. Ahora todo  el mundo quiere ser feliz, aunque sea una felicidad a costa de la  desgracia de los dem\u00e1s. Y es precisamente, esta visi\u00f3n hed\u00f3nica de la  vida, la que hace que las parejas ante el m\u00e1s m\u00ednimo problema tiren la  toalla. La capacidad de reparaci\u00f3n o de intentar buscar donde est\u00e1 el  fallo para repararlo es cada vez menor y en gran medida optan por<span>\u00a0 <\/span>dejarlo. <\/span><\/p>\n<p style=\"margin: 0cm 1cm 0pt 14.2pt; text-indent: 35.45pt; line-height: 13pt; text-align: justify\" class=\"MsoNormal\"><span style=\"font-size: 10pt; font-family: \u00b4Verdana\u00b4,\u00b4sans-serif\u00b4\">\u00a0<\/span><\/p>\n<p style=\"margin: 0cm 1cm 0pt 14.2pt; text-indent: 35.45pt; line-height: 13pt; text-align: justify\" class=\"MsoNormal\"><span style=\"font-size: 10pt; font-family: \u00b4Verdana\u00b4,\u00b4sans-serif\u00b4\"><span>\u00a0\u00a0 <\/span>Adem\u00e1s,  ahora la gente quiere las cosas en el momento y que no duren mucho  tiempo, nos hemos acostumbrado a los productos perecederos y pasa igual  con las relaciones, que ya no se espera que sea para toda la vida, tal y  como se esperaba antes.<\/span><\/p>\n<p style=\"margin: 0cm 1cm 0pt 14.2pt; text-indent: 35.45pt; line-height: 13pt; text-align: justify\" class=\"MsoNormal\"><span style=\"font-size: 10pt; font-family: \u00b4Verdana\u00b4,\u00b4sans-serif\u00b4\">\u00a0<\/span><\/p>\n<p style=\"margin: 0cm 1cm 0pt 14.2pt; text-indent: 35.45pt; line-height: 13pt; text-align: justify\" class=\"MsoNormal\"><span style=\"font-size: 10pt; color: #548dd4; font-family: \u00b4Verdana\u00b4,\u00b4sans-serif\u00b4\">\u00bfC\u00f3mo afecta la crisis al n\u00famero de divorcios? <\/span><\/p>\n<p style=\"margin: 0cm 1cm 0pt 14.2pt; text-indent: 35.45pt; line-height: 13pt; text-align: justify\" class=\"MsoNormal\"><span style=\"font-size: 10pt; font-family: \u00b4Verdana\u00b4,\u00b4sans-serif\u00b4\">\u00a0<\/span><\/p>\n<p style=\"margin: 0cm 1cm 0pt 14.2pt; text-indent: 35.45pt; line-height: 13pt; text-align: justify\" class=\"MsoNormal\"><span style=\"font-size: 10pt; font-family: \u00b4Verdana\u00b4,\u00b4sans-serif\u00b4\"><span>\u00a0\u00a0 <\/span>Hay dos opiniones y las dos son ciertas. Por una parte, lo que la crisis har\u00e1 es redescubrir a<span>\u00a0 <\/span>muchas  parejas que estaban distanciadas por el trabajo y que tras la p\u00e9rdida  de empleo o la reducci\u00f3n de horas, pasan m\u00e1s tiempo en casa y por tanto,  chocan m\u00e1s. Pero por otra parte, es cierto que se han parado el  incremento de divorcios por la penuria econ\u00f3mica, esto es, lo que el  amor lo ha unido, ahora lo une la hipoteca. Adem\u00e1s, los tr\u00e1mites de las  separaciones son muy caros y ahora no es el mejor momento para hacerlos  frentes. <\/span><\/p>\n<p style=\"margin: 0cm 1cm 0pt 14.2pt; text-indent: 35.45pt; line-height: 13pt; text-align: justify\" class=\"MsoNormal\"><span style=\"font-size: 10pt; font-family: \u00b4Verdana\u00b4,\u00b4sans-serif\u00b4\">\u00a0<\/span><\/p>\n<p style=\"margin: 0cm 1cm 0pt 14.2pt; text-indent: 35.45pt; line-height: 13pt; text-align: justify\" class=\"MsoNormal\"><span style=\"font-size: 10pt; color: #548dd4; font-family: \u00b4Verdana\u00b4,\u00b4sans-serif\u00b4\">\u00bfQu\u00e9 deben hacer los padres ante una separaci\u00f3n para perjudicar, lo menos posible, a los hijos? <\/span><\/p>\n<p style=\"margin: 0cm 1cm 0pt 14.2pt; text-indent: 35.45pt; line-height: 13pt; text-align: justify\" class=\"MsoNormal\"><span style=\"font-size: 10pt; font-family: \u00b4Verdana\u00b4,\u00b4sans-serif\u00b4\">\u00a0<\/span><\/p>\n<p style=\"margin: 0cm 1cm 0pt 14.2pt; text-indent: 35.45pt; line-height: 13pt; text-align: justify\" class=\"MsoNormal\"><span style=\"font-size: 10pt; font-family: \u00b4Verdana\u00b4,\u00b4sans-serif\u00b4\"><span>\u00a0\u00a0 <\/span>Ante  todo tienen que respetar a los hijos, pues aunque el amor entre la  pareja se acabe, el respeto siempre tiene que permanecer, tanto entre  los padres como entre los hijos. Asimismo, pienso que es fundamental  hablar y contar todo lo que pasa a los hijos, siempre poni\u00e9ndolo a su  nivel de comprensi\u00f3n.<\/span><\/p>\n<p style=\"margin: 0cm 1cm 0pt 14.2pt; text-indent: 35.45pt; line-height: 13pt; text-align: justify\" class=\"MsoNormal\"><span style=\"font-size: 10pt; font-family: \u00b4Verdana\u00b4,\u00b4sans-serif\u00b4\">\u00a0<\/span><\/p>\n<p style=\"margin: 0cm 1cm 0pt 14.2pt; text-indent: 35.45pt; line-height: 13pt; text-align: justify\" class=\"MsoNormal\"><span style=\"font-size: 10pt; font-family: \u00b4Verdana\u00b4,\u00b4sans-serif\u00b4\">Hoy  d\u00eda es muy frecuente o\u00edr hablar del \u00b4s\u00edndrome de alienaci\u00f3n parental\u00b4,  que es cuando uno de los ex c\u00f3nyuges manipula al hijo para ponerle en  contra del otro. Yo esto lo contrapongo con el \u00b4s\u00edndrome de indefensi\u00f3n  parental\u00b4, que revela que esta reacci\u00f3n manipuladora no es m\u00e1s que una  situaci\u00f3n de indefensi\u00f3n por una simetr\u00eda de poder con el otro miembro  de la pareja que tiene una situaci\u00f3n econ\u00f3mica, social, de poder que no  tiene el otro. Y para defenderse, se vale del hijo. El problema es que  muchas veces se han adoptado resoluciones judiciales que dicen que el  padre tiene un s\u00edndrome de alienaci\u00f3n parental y no se ha valorado que  realmente lo que pasa es que se siente indefenso. <\/span><\/p>\n<p style=\"margin: 0cm 1cm 0pt 14.2pt; text-indent: 35.45pt; line-height: 13pt; text-align: justify\" class=\"MsoNormal\"><span style=\"font-size: 10pt; font-family: \u00b4Verdana\u00b4,\u00b4sans-serif\u00b4\">\u00a0<\/span><\/p>\n<p style=\"margin: 0cm 1cm 0pt 14.2pt; text-indent: 35.45pt; line-height: 13pt; text-align: justify\" class=\"MsoNormal\"><span style=\"font-size: 10pt; color: #548dd4; font-family: \u00b4Verdana\u00b4,\u00b4sans-serif\u00b4\">\u00bfCustodia compartida como medida inicial autom\u00e1tica en procesos de nulidad, separaci\u00f3n y divorcio, s\u00ed o no? <\/span><\/p>\n<p style=\"margin: 0cm 1cm 0pt 14.2pt; text-indent: 35.45pt; line-height: 13pt; text-align: justify\" class=\"MsoNormal\"><span style=\"font-size: 10pt; font-family: \u00b4Verdana\u00b4,\u00b4sans-serif\u00b4\">\u00a0<\/span><\/p>\n<p style=\"margin: 0cm 1cm 0pt 14.2pt; text-indent: 35.45pt; line-height: 13pt; text-align: justify\" class=\"MsoNormal\"><span style=\"font-size: 10pt; font-family: \u00b4Verdana\u00b4,\u00b4sans-serif\u00b4\"><span>\u00a0<\/span>Siempre  custodia compartida, porque es la situaci\u00f3n m\u00e1s parecida a la vida  matrimonial, aunque es muy complicada y exige un gran esfuerzo por ambas  partes. Ahora parece que la justicia est\u00e1 dando m\u00e1s la palabra al  hombre y se est\u00e1 apostando m\u00e1s por la custodia compartida. Es preciso  rese\u00f1ar que cada caso es diferente y hay que mirarlo con lupa. <\/span><\/p>\n<p style=\"margin: 0cm 1cm 0pt 14.2pt; text-indent: 35.45pt; line-height: 13pt; text-align: justify\" class=\"MsoNormal\"><span style=\"font-size: 10pt; font-family: \u00b4Verdana\u00b4,\u00b4sans-serif\u00b4\">\u00a0<\/span><\/p>\n<p style=\"margin: 0cm 1cm 0pt 14.2pt; text-indent: 35.45pt; line-height: 13pt; text-align: justify\" class=\"MsoNormal\"><span style=\"font-size: 10pt; font-family: \u00b4Verdana\u00b4,\u00b4sans-serif\u00b4\"><span>\u00a0<\/span>Por  otra parte, ante dificultades de relaci\u00f3n, yo siempre abogo porque se  vayan con su pariente de igual sexo, ya que la ausencia del progenitor  del mismo sexo siempre repercute en el desarrollo afectivo y cognitivo  de los hijos. <\/span><\/p>\n<p style=\"margin: 0cm 1cm 0pt 14.2pt; text-indent: 35.45pt; line-height: 13pt; text-align: justify\" class=\"MsoNormal\">&nbsp;<\/p>\n<p style=\"margin: 0cm 1cm 0pt 14.2pt; text-indent: 35.45pt; line-height: 13pt; text-align: justify\" class=\"MsoNormal\">europapress.es <\/p>\n<\/div>\n<\/div>\n<\/div>\n<\/td>\n<td width=\"8\" height=\"1\"><img decoding=\"async\" src=\"http:\/\/lexfamily.es\/transparente.gif\" alt=\"\" width=\"8\" height=\"1\" \/><\/td>\n<\/tr>\n<\/tbody>\n<\/table>\n","protected":false},"excerpt":{"rendered":"<p>Paulino Castells es doctor en Medicina y Cirug\u00eda por la Universidad de Barcelona, especialista en pediatr\u00eda, neurolog\u00eda y psiquiatr\u00eda y profesor agregado en la licenciatura de Psicolog\u00eda de la Universidad Abat Oliba CEU de Barcelona. Recientemente ha publicado el libro \u00b4Los padres no se divorcian de los hijos\u00b4, el que pretende que se regale y [&hellip;]<\/p>\n","protected":false},"author":1,"featured_media":0,"comment_status":"open","ping_status":"open","sticky":false,"template":"","format":"standard","meta":{"footnotes":""},"categories":[],"tags":[],"class_list":["post-147","post","type-post","status-publish","format-standard","hentry"],"_links":{"self":[{"href":"https:\/\/todomediacion.com\/index.php?rest_route=\/wp\/v2\/posts\/147","targetHints":{"allow":["GET"]}}],"collection":[{"href":"https:\/\/todomediacion.com\/index.php?rest_route=\/wp\/v2\/posts"}],"about":[{"href":"https:\/\/todomediacion.com\/index.php?rest_route=\/wp\/v2\/types\/post"}],"author":[{"embeddable":true,"href":"https:\/\/todomediacion.com\/index.php?rest_route=\/wp\/v2\/users\/1"}],"replies":[{"embeddable":true,"href":"https:\/\/todomediacion.com\/index.php?rest_route=%2Fwp%2Fv2%2Fcomments&post=147"}],"version-history":[{"count":1,"href":"https:\/\/todomediacion.com\/index.php?rest_route=\/wp\/v2\/posts\/147\/revisions"}],"predecessor-version":[{"id":480,"href":"https:\/\/todomediacion.com\/index.php?rest_route=\/wp\/v2\/posts\/147\/revisions\/480"}],"wp:attachment":[{"href":"https:\/\/todomediacion.com\/index.php?rest_route=%2Fwp%2Fv2%2Fmedia&parent=147"}],"wp:term":[{"taxonomy":"category","embeddable":true,"href":"https:\/\/todomediacion.com\/index.php?rest_route=%2Fwp%2Fv2%2Fcategories&post=147"},{"taxonomy":"post_tag","embeddable":true,"href":"https:\/\/todomediacion.com\/index.php?rest_route=%2Fwp%2Fv2%2Ftags&post=147"}],"curies":[{"name":"wp","href":"https:\/\/api.w.org\/{rel}","templated":true}]}}