{"id":192,"date":"2015-04-20T12:29:41","date_gmt":"2015-04-20T10:29:41","guid":{"rendered":""},"modified":"2021-10-11T15:46:15","modified_gmt":"2021-10-11T13:46:15","slug":"solo-las-discrepancias-graves-entre-los-padres-pueden-impedir-la-custodia-compartida-segun-el-ts","status":"publish","type":"post","link":"https:\/\/todomediacion.com\/node\/192","title":{"rendered":"S\u00f3lo las discrepancias graves entre los padres pueden impedir la custodia compartida, seg\u00fan el TS"},"content":{"rendered":"<p>El &nbsp;Tribunal <span data-scayt_word=\"Supremo\" data-scaytid=\"1\">Supremo<\/span> ha <span data-scayt_word=\"otorgado\" data-scaytid=\"2\">otorgado<\/span> en <span data-scayt_word=\"una\" data-scaytid=\"3\">una<\/span> <span data-scayt_word=\"reciente\" data-scaytid=\"4\">reciente<\/span> <span data-scayt_word=\"sentencia\" data-scaytid=\"5\">sentencia<\/span> la <span data-scayt_word=\"custodia\" data-scaytid=\"6\">custodia<\/span> <span data-scayt_word=\"compartida\" data-scaytid=\"7\">compartida<\/span> de un <span data-scayt_word=\"ni\u00f1o\" data-scaytid=\"8\">ni\u00f1o<\/span> <span data-scayt_word=\"solicitada\" data-scaytid=\"9\">solicitada<\/span> <span data-scayt_word=\"por\" data-scaytid=\"10\">por<\/span> el padre al <span data-scayt_word=\"considerar\" data-scaytid=\"11\">considerar<\/span> <span data-scayt_word=\"que\" data-scaytid=\"12\">que<\/span> la <span data-scayt_word=\"existencia\" data-scaytid=\"15\">existencia<\/span> de <span data-scayt_word=\"divergencias\" data-scaytid=\"16\">divergencias<\/span> <span data-scayt_word=\"entre\" data-scaytid=\"17\">entre<\/span> los padres, <span data-scayt_word=\"siempre\" data-scaytid=\"18\">siempre<\/span> <span data-scayt_word=\"que\" data-scaytid=\"13\">que<\/span> <span data-scayt_word=\"sean\" data-scaytid=\"19\">sean<\/span> <span data-scayt_word=\"razonables\" data-scaytid=\"20\">razonables<\/span>, no <span data-scayt_word=\"imposibilitan\" data-scaytid=\"21\">imposibilitan<\/span> <span data-scayt_word=\"este\" data-scaytid=\"22\">este<\/span> <span data-scayt_word=\"r\u00e9gimen\" data-scaytid=\"23\">r\u00e9gimen<\/span> <span data-scayt_word=\"que\" data-scaytid=\"14\">que<\/span> <span data-scayt_word=\"es\" data-scaytid=\"24\">es<\/span> <span data-scayt_word=\"deseable\" data-scaytid=\"25\">deseable<\/span> <span data-scayt_word=\"porque\" data-scaytid=\"26\">porque<\/span> <span data-scayt_word=\"fomenta\" data-scaytid=\"27\">fomenta<\/span> la <span data-scayt_word=\"integraci\u00f3n\" data-scaytid=\"28\">integraci\u00f3n<\/span> del <span data-scayt_word=\"menor\" data-scaytid=\"29\">menor<\/span> con <span data-scayt_word=\"ambos\" data-scaytid=\"31\">ambos<\/span> <span data-scayt_word=\"progenitores\" data-scaytid=\"32\">progenitores<\/span>, sin <span data-scayt_word=\"desequilibrios\" data-scaytid=\"33\">desequilibrios<\/span>, <span data-scayt_word=\"evita\" data-scaytid=\"34\">evita<\/span> el <span data-scayt_word=\"\u2018sentimiento\" data-scaytid=\"35\">&lsquo;sentimiento<\/span> de <span data-scayt_word=\"p\u00e9rdida\u2019\" data-scaytid=\"36\">p\u00e9rdida&rsquo;<\/span>, no <span data-scayt_word=\"cuestiona\" data-scaytid=\"37\">cuestiona<\/span> la <span data-scayt_word=\"idoneidad\" data-scaytid=\"38\">idoneidad<\/span> de los padres, y <span data-scayt_word=\"estima\" data-scaytid=\"39\">estima<\/span> la <span data-scayt_word=\"cooperaci\u00f3n\" data-scaytid=\"40\">cooperaci\u00f3n<\/span> de los <span data-scayt_word=\"mismos\" data-scaytid=\"41\">mismos<\/span> en <span data-scayt_word=\"beneficio\" data-scaytid=\"42\">beneficio<\/span> del <span data-scayt_word=\"menor\" data-scaytid=\"30\">menor<\/span>.<\/p>\n<p>El Supremo considera que para&nbsp;la adopci\u00f3n del sistema de custodia compartida no se exige un acuerdo sin fisuras, sino una actitud razonable y eficiente en orden al desarrollo del menor, as\u00ed como unas habilidades para el di\u00e1logo.<\/p>\n<p>El Alto Tribunal revoca de esta forma la sentencia de la Audiencia Provincial de Sevilla, que concedi\u00f3 la custodia a la madre al estimar que hab\u00eda un &ldquo;importante&rdquo; nivel de conflictividad y tensi\u00f3n en la pareja que permit\u00eda inferir que la custodia compartida no ser\u00eda una soluci\u00f3n &ldquo;sino un semillero de problemas&rdquo; que iba a intensificar &ldquo;la judicializaci\u00f3n de la vida de los litigantes&rdquo; e incidir negativamente en la estabilidad del menor. Como pruebas de esa tensi\u00f3n, tuvo en cuenta las &ldquo;discrepancias serias&rdquo; por el colegio de escolarizaci\u00f3n del menor (por motivos econ\u00f3micos, ya que estudiaba en un centro privado no concertado), y el hecho de que la mujer hubiese sido condenada por una falta de coacciones tras una denuncia de su marido por haber cambiado la cerradura de la vivienda familiar.<\/p>\n<p>Para el Supremo, las razones esgrimidas por la Audiencia para desaconsejar la custodia compartida en este caso &ldquo;no constituyen fundamento suficiente para entender que la relaci\u00f3n entre los padres sea de tal enfrentamiento que imposibilite un cauce de di\u00e1logo&rdquo;. En primer lugar, porque la condena por coacciones de la mujer no supone dem\u00e9rito alguno para el hombre (recurrente en casaci\u00f3n), y en segundo lugar, porque la discrepancia sobre el colegio del menor y sus consecuencias econ\u00f3micas &ldquo;supone una divergencia razonable&rdquo;.<\/p>\n<p>De <span data-scayt_word=\"ese\" data-scaytid=\"60\">ese<\/span> <span data-scayt_word=\"modo\" data-scaytid=\"61\">modo<\/span>, la <span data-scayt_word=\"sentencia\" data-scaytid=\"52\">sentencia<\/span> <span data-scayt_word=\"indica\" data-scaytid=\"63\">indica<\/span> <span data-scayt_word=\"que\" data-scaytid=\"53\">que<\/span> <span data-scayt_word=\"\u201cpara\" data-scaytid=\"66\">&ldquo;para<\/span> la <span data-scayt_word=\"adopci\u00f3n\" data-scaytid=\"67\">adopci\u00f3n<\/span> del <span data-scayt_word=\"sistema\" data-scaytid=\"68\">sistema<\/span> de <span data-scayt_word=\"custodia\" data-scaytid=\"55\">custodia<\/span> <span data-scayt_word=\"compartida\" data-scaytid=\"56\">compartida<\/span> no se <span data-scayt_word=\"exige\" data-scaytid=\"71\">exige<\/span> un <span data-scayt_word=\"acuerdo\" data-scaytid=\"72\">acuerdo<\/span> sin <span data-scayt_word=\"fisuras\" data-scaytid=\"73\">fisuras<\/span>, <span data-scayt_word=\"sino\" data-scaytid=\"74\">sino<\/span> <span data-scayt_word=\"una\" data-scaytid=\"57\">una<\/span> <span data-scayt_word=\"actitud\" data-scaytid=\"76\">actitud<\/span> <span data-scayt_word=\"razonable\" data-scaytid=\"77\">razonable<\/span> y <span data-scayt_word=\"eficiente\" data-scaytid=\"78\">eficiente<\/span> en <span data-scayt_word=\"orden\" data-scaytid=\"79\">orden<\/span> al <span data-scayt_word=\"desarrollo\" data-scaytid=\"80\">desarrollo<\/span> del <span data-scayt_word=\"menor\" data-scaytid=\"58\">menor<\/span>, <span data-scayt_word=\"as\u00ed\" data-scaytid=\"82\">as\u00ed<\/span> <span data-scayt_word=\"como\" data-scaytid=\"83\">como<\/span> <span data-scayt_word=\"unas\" data-scaytid=\"85\">unas<\/span> <span data-scayt_word=\"habilidades\" data-scaytid=\"86\">habilidades<\/span> <span data-scayt_word=\"para\" data-scaytid=\"87\">para<\/span> el <span data-scayt_word=\"di\u00e1logo\" data-scaytid=\"88\">di\u00e1logo<\/span> <span data-scayt_word=\"que\" data-scaytid=\"54\">que<\/span> se <span data-scayt_word=\"han\" data-scaytid=\"89\">han<\/span> de <span data-scayt_word=\"suponer\" data-scaytid=\"90\">suponer<\/span> <span data-scayt_word=\"existentes\" data-scaytid=\"91\">existentes<\/span> en dos <span data-scayt_word=\"profesionales\" data-scaytid=\"92\">profesionales<\/span> <span data-scayt_word=\"como\" data-scaytid=\"84\">como<\/span> los <span data-scayt_word=\"ahora\" data-scaytid=\"93\">ahora<\/span> <span data-scayt_word=\"litigantes\" data-scaytid=\"94\">litigantes<\/span> (<span data-scayt_word=\"ambos\" data-scaytid=\"59\">ambos<\/span> son <span data-scayt_word=\"profesores\" data-scaytid=\"96\">profesores<\/span> <span data-scayt_word=\"universitarios\" data-scaytid=\"97\">universitarios<\/span>)&rdquo;.<\/p>\n<p>www.abogacia.es<\/p>\n","protected":false},"excerpt":{"rendered":"<p>El &nbsp;Tribunal Supremo ha otorgado en una reciente sentencia la custodia compartida de un ni\u00f1o solicitada por el padre al considerar que la existencia de divergencias entre los padres, siempre que sean razonables, no imposibilitan este r\u00e9gimen que es deseable porque fomenta la integraci\u00f3n del menor con ambos progenitores, sin desequilibrios, evita el &lsquo;sentimiento de [&hellip;]<\/p>\n","protected":false},"author":1,"featured_media":0,"comment_status":"open","ping_status":"open","sticky":false,"template":"","format":"standard","meta":{"footnotes":""},"categories":[],"tags":[],"class_list":["post-192","post","type-post","status-publish","format-standard","hentry"],"_links":{"self":[{"href":"https:\/\/todomediacion.com\/index.php?rest_route=\/wp\/v2\/posts\/192","targetHints":{"allow":["GET"]}}],"collection":[{"href":"https:\/\/todomediacion.com\/index.php?rest_route=\/wp\/v2\/posts"}],"about":[{"href":"https:\/\/todomediacion.com\/index.php?rest_route=\/wp\/v2\/types\/post"}],"author":[{"embeddable":true,"href":"https:\/\/todomediacion.com\/index.php?rest_route=\/wp\/v2\/users\/1"}],"replies":[{"embeddable":true,"href":"https:\/\/todomediacion.com\/index.php?rest_route=%2Fwp%2Fv2%2Fcomments&post=192"}],"version-history":[{"count":1,"href":"https:\/\/todomediacion.com\/index.php?rest_route=\/wp\/v2\/posts\/192\/revisions"}],"predecessor-version":[{"id":445,"href":"https:\/\/todomediacion.com\/index.php?rest_route=\/wp\/v2\/posts\/192\/revisions\/445"}],"wp:attachment":[{"href":"https:\/\/todomediacion.com\/index.php?rest_route=%2Fwp%2Fv2%2Fmedia&parent=192"}],"wp:term":[{"taxonomy":"category","embeddable":true,"href":"https:\/\/todomediacion.com\/index.php?rest_route=%2Fwp%2Fv2%2Fcategories&post=192"},{"taxonomy":"post_tag","embeddable":true,"href":"https:\/\/todomediacion.com\/index.php?rest_route=%2Fwp%2Fv2%2Ftags&post=192"}],"curies":[{"name":"wp","href":"https:\/\/api.w.org\/{rel}","templated":true}]}}