{"id":222,"date":"2017-04-07T18:39:08","date_gmt":"2017-04-07T16:39:08","guid":{"rendered":""},"modified":"2021-10-11T15:44:48","modified_gmt":"2021-10-11T13:44:48","slug":"tecnicas-y-herramientas-de-mediacion-para-la-resolucion-de-conflictos","status":"publish","type":"post","link":"https:\/\/todomediacion.com\/node\/222","title":{"rendered":"T\u00c9CNICAS Y HERRAMIENTAS DE MEDIACI\u00d3N PARA LA RESOLUCI\u00d3N DE CONFLICTOS"},"content":{"rendered":"<h1 class=\"rtecenter\">NUEVO CURSO INTENSIVO<\/h1>\n<h1 class=\"rtecenter\"><strong>T\u00c9CNICAS Y HERRAMIENTAS DE MEDIACI\u00d3NPARA LA RESOLUCI\u00d3N DE CONFLICTOS<\/strong><\/h1>\n<h1 class=\"rtecenter\"><img decoding=\"async\" src=\"\/wp-content\/uploads\/todomediacion.jpg\" alt=\"\" width=\"161\" height=\"38\"><\/h1>\n<p><strong>Lugar:<\/strong><a href=\"https:\/\/goo.gl\/maps\/QYoevAzFx2D2\" target=\"_blank\" rel=\"noopener\">Despacho profesional<\/a><\/p>\n<p><strong>Informaci\u00f3n:<\/strong><\/p>\n<p><a href=\"\/node\/136\">Matriculaci\u00f3n:<\/a><br \/>\nLa matr\u00edcula estar\u00e1 disponible desde el&nbsp;<strong>07\/04\/2017 al 19\/05\/2017<\/strong>&nbsp;en el formuario que puede encontrar <a href=\"\/?q=node\/136\">pinchando aqu\u00ed <\/a><\/p>\n<p>Precio: 110 euros<\/p>\n<p>Profesora: &nbsp;<a href=\"quienes-somos\">ISABEL MEDINA SU\u00c1REZ<\/a>, Mediadora Famila, Abogada y formadora<\/p>\n<p>Realizaci\u00f3n:<\/p>\n<ul>\n<li><strong>Grupo A<\/strong> (Viernes 26 de Mayo de 16:00 a 21:00 y S\u00e1bado 27 de Mayo de 9:00 a 14:00);<\/li>\n<li><strong>Grupo B<\/strong> (Viernes 9 de Junio de 16:00 a 21:00 y S\u00e1bado 10 de Junio de 9:00 a 14:00);<\/li>\n<li>Duraci\u00f3n: 10 horas<\/li>\n<\/ul>\n<p>Dirigido a: Abogados\/as, Psic\u00f3logos\/as, Trabajadores\/as Sociales, Educadores\/as, Maestros\/as, Estudiantes de dichas disciplinas entre otras profesiones.<\/p>\n<p><strong>PLAZAS LIMITADAS (m\u00e1ximo 6 personas por grupo) <\/strong><\/p>\n<p><strong>FINALIDAD DEL CURSO<\/strong><\/p>\n<p>En la actualidad presenciamos una creciente conflictividad en las familias, barrios, ciudades y en la sociedad en general. Conflictividad que no ha de ser vista desde una perspectiva negativa, las discrepancias y desacuerdos son naturales e inevitables en nuestra vida cotidiana, sin embargo, una mala respuesta a los conflictos puede mermar el clima de bienestar social.<\/p>\n<p>La finalidad principal de este curso es dotar a los alumnos\/as de t\u00e9cnicas de mediaci\u00f3n para que cuenten con herramientas con las que responder los conflictos de forma positiva.<\/p>\n<p><u><strong>REQUISITOS DE LOS PARTICIPANTES<\/strong><\/u><br \/>\nLa matr\u00edcula en este curso est\u00e1 abierta a cualquier persona interesada.<\/p>\n<p><u><strong>CERTIFICADOS<\/strong><\/u><\/p>\n<p>Para la obtenci\u00f3n del Diploma, los alumnos deber\u00e1n haber completado al menos el 70% de las horas. Los Diplomas ser\u00e1n remitidos por correo a cada uno de os alumnos al domicilio que conste en los datos personales facilitados por ellos.<\/p>\n<p><strong><u>PROGRAMA<\/u><\/strong><br \/>\n1. Mediaci\u00f3n y Resoluci\u00f3n de conflictos<br \/>\n1.1. Caracter\u00edsticas generales del proceso de mediaci\u00f3n<br \/>\n1.2. Diferencia entre Violencia y Conflicto<br \/>\n1.3. Rol de la persona mediadora<br \/>\n1.4. Diferencias entre mediaci\u00f3n y otras formas e resoluci\u00f3n de conflictos<br \/>\n1.5. Experiencias de mediaci\u00f3n en Espa\u00f1a<br \/>\n2. T\u00e9cnicas de Mediaci\u00f3n<br \/>\n2.1. Preguntas circulares<br \/>\n2.2. Reformulaci\u00f3n<br \/>\n2.3. Resumen<br \/>\n2.4. Respuestas en espejo<br \/>\n2.5. Connotaci\u00f3n positiva<br \/>\n2.6. Re-contextualizaci\u00f3n<br \/>\n2.7. Proyecci\u00f3n futura<br \/>\n3. Ejemplos y pr\u00e1cticas<br \/>\n3.1. An\u00e1lisis de casos de violencia y conflicto<br \/>\n3.2. Empleo de t\u00e9cnicas para cada caso<br \/>\n3.3. Estrategias para el abordaje de conflictos en grupos<br \/>\n3.4. Uso de las Historias<\/p>\n","protected":false},"excerpt":{"rendered":"<p>NUEVO CURSO INTENSIVO T\u00c9CNICAS Y HERRAMIENTAS DE MEDIACI\u00d3NPARA LA RESOLUCI\u00d3N DE CONFLICTOS Lugar:Despacho profesional Informaci\u00f3n: Matriculaci\u00f3n: La matr\u00edcula estar\u00e1 disponible desde el&nbsp;07\/04\/2017 al 19\/05\/2017&nbsp;en el formuario que puede encontrar pinchando aqu\u00ed Precio: 110 euros Profesora: &nbsp;ISABEL MEDINA SU\u00c1REZ, Mediadora Famila, Abogada y formadora Realizaci\u00f3n: Grupo A (Viernes 26 de Mayo de 16:00 a 21:00 y [&hellip;]<\/p>\n","protected":false},"author":2,"featured_media":0,"comment_status":"closed","ping_status":"closed","sticky":false,"template":"","format":"standard","meta":{"footnotes":""},"categories":[],"tags":[],"class_list":["post-222","post","type-post","status-publish","format-standard","hentry"],"_links":{"self":[{"href":"https:\/\/todomediacion.com\/index.php?rest_route=\/wp\/v2\/posts\/222","targetHints":{"allow":["GET"]}}],"collection":[{"href":"https:\/\/todomediacion.com\/index.php?rest_route=\/wp\/v2\/posts"}],"about":[{"href":"https:\/\/todomediacion.com\/index.php?rest_route=\/wp\/v2\/types\/post"}],"author":[{"embeddable":true,"href":"https:\/\/todomediacion.com\/index.php?rest_route=\/wp\/v2\/users\/2"}],"replies":[{"embeddable":true,"href":"https:\/\/todomediacion.com\/index.php?rest_route=%2Fwp%2Fv2%2Fcomments&post=222"}],"version-history":[{"count":2,"href":"https:\/\/todomediacion.com\/index.php?rest_route=\/wp\/v2\/posts\/222\/revisions"}],"predecessor-version":[{"id":333,"href":"https:\/\/todomediacion.com\/index.php?rest_route=\/wp\/v2\/posts\/222\/revisions\/333"}],"wp:attachment":[{"href":"https:\/\/todomediacion.com\/index.php?rest_route=%2Fwp%2Fv2%2Fmedia&parent=222"}],"wp:term":[{"taxonomy":"category","embeddable":true,"href":"https:\/\/todomediacion.com\/index.php?rest_route=%2Fwp%2Fv2%2Fcategories&post=222"},{"taxonomy":"post_tag","embeddable":true,"href":"https:\/\/todomediacion.com\/index.php?rest_route=%2Fwp%2Fv2%2Ftags&post=222"}],"curies":[{"name":"wp","href":"https:\/\/api.w.org\/{rel}","templated":true}]}}