{"id":272,"date":"2020-03-31T19:22:36","date_gmt":"2020-03-31T17:22:36","guid":{"rendered":""},"modified":"2021-10-11T15:40:57","modified_gmt":"2021-10-11T13:40:57","slug":"el-confinamiento-aumenta-el-riesgo-de-divorcios","status":"publish","type":"post","link":"https:\/\/todomediacion.com\/node\/272","title":{"rendered":"El confinamiento aumenta el riesgo de divorcios"},"content":{"rendered":"<p>La pandemia del coronavius nos sit\u00faa ante una experiencia in\u00e9dita tanto a nivel colectivo como individual. El confinamiento implica que muchas personas se encuentran de repente ante la perspectiva de pasar el pr\u00f3ximo mes en un espacio limitado y cerrado, acompa\u00f1adas \u00fanicamente de su n\u00facleo familiar m\u00e1s pr\u00f3ximo.<\/p>\n<p>En los \u00faltimos d\u00edas se ha hecho viral el hilo de Twitter de un marino vasco que ofrece varias claves para manejar la situaci\u00f3n. Algunos de los consejos del navegante se refieren a la convivencia con el c\u00f3nyuge. No son sugerencias gratuitas. Las primeras noticias que nos llegan sobre las consecuencias de la reclusi\u00f3n masiva en China \u2013un pa\u00eds que ya est\u00e1 en proceso de recuperaci\u00f3n de la crisis sanitaria\u2013, no son halag\u00fce\u00f1as para las parejas: en algunas ciudades se ha registrado un r\u00e9cord de demandas de divorcio tras al aislamiento forzado por el coronavirus.<\/p>\n<p>\u201cNo me extra\u00f1a nada\u201d, admite Mireia Cabero, psic\u00f3loga especializada en cultura emocional. \u201cSabemos que los periodos en los que hay m\u00e1s demandas de divorcio son despu\u00e9s de las vacaciones de verano y de Navidad\u201d.<\/p>\n<p>No hay duda que nos encontramos ante un mes de riesgo para la convivencia y la estabilidad de las parejas. Cabero, sin embargo, apuesta por afrontar el reto desde la psicolog\u00eda positiva: \u201cHay que pensar en c\u00f3mo disfrutar de las nuevas oportunidades que se nos presentan. Es una parada obligada en el camino, como cuando te rompes una pierna. Un buen momento para iniciar conversaciones positivas con la pareja: Reducir el hacer y centrarse en el ser y en el estar\u201d.<\/p>\n<p>\u201cEn estos d\u00edas que vienen nos daremos cuenta que el hogar familiar ya no es un campo de rosas\u201d, a\u00f1ade Francesc N\u00fa\u00f1ez, soci\u00f3logo y profesor de la UOC. Hace s\u00f3lo unas d\u00e9cadas era un espacio de bienestar y calma. Pero ahora es tambi\u00e9n un espacio de competici\u00f3n. Se compite porque ambos miembros de la pareja valoran su carrera profesional y su vida personal; o por ver qui\u00e9n dedica m\u00e1s tiempo al cuidado de los hijos.<\/p>\n<p>El peligro potencial de que afloren tensiones es muy alto. \u201cEs una olla a presi\u00f3n que puede explotar en cualquier momento\u201d, coinciden todos los expertos consultados. \u201cS\u00ed o s\u00ed habr\u00e1 momentos dif\u00edciles a nivel emocional. La frustraci\u00f3n y la impotencia son respuestas naturales en situaciones de incertidumbre\u201d, afirma Isabel Moreno, psic\u00f3loga, y sex\u00f3loga. \u201cMuchos padres o madres \u2013pero sobre todo padres\u2013 pasan mucho tiempo fuera de casa\u201d, apunta N\u00fa\u00f1ez. \u201cAhora, de golpe, nos expulsan de todos nuestros espacios sociales y nos confinan en casa, expuestos a todas estas tensiones y sin acceso a espacios de fuga. La gente m\u00e1s prudente lo soportar\u00e1, pero muchas personas tendr\u00e1n dificultades para contener sus emociones\u201d, reflexiona.<\/p>\n<p>Los tres especialistas alertan ante posibles situaciones de abuso y violencia dom\u00e9stica. \u201cLas personas agresivas no se relajan en entornos cerrados. Todo lo contrario\u201d, advierte Mireia Cabero. \u201cEn relaciones que ya est\u00e1n rotas antes del encierro, o en las que hay conductas abusivas, hay que extremar las precauciones. Los violentos lo tienen ahora m\u00e1s f\u00e1cil si cabe: las visitas a casa est\u00e1n restringidas, nadie ver\u00e1 por la calle a las mujeres maltratadas. O a los hijos. Las v\u00edctimas deben activar el coraje y buscar apoyo exterior enseguida. Y el entorno, los vecinos, deben colaborar m\u00e1s que nunca dando aviso a las autoridades ante cualquier sospecha de maltrato en el hogar\u201d, alecciona Cabero.<br \/>\nwww.lavanguardia.com<\/p>\n","protected":false},"excerpt":{"rendered":"<p>La pandemia del coronavius nos sit\u00faa ante una experiencia in\u00e9dita tanto a nivel colectivo como individual. El confinamiento implica que muchas personas se encuentran de repente ante la perspectiva de pasar el pr\u00f3ximo mes en un espacio limitado y cerrado, acompa\u00f1adas \u00fanicamente de su n\u00facleo familiar m\u00e1s pr\u00f3ximo. En los \u00faltimos d\u00edas se ha hecho [&hellip;]<\/p>\n","protected":false},"author":1,"featured_media":0,"comment_status":"open","ping_status":"open","sticky":false,"template":"","format":"standard","meta":{"footnotes":""},"categories":[],"tags":[],"class_list":["post-272","post","type-post","status-publish","format-standard","hentry"],"_links":{"self":[{"href":"https:\/\/todomediacion.com\/index.php?rest_route=\/wp\/v2\/posts\/272","targetHints":{"allow":["GET"]}}],"collection":[{"href":"https:\/\/todomediacion.com\/index.php?rest_route=\/wp\/v2\/posts"}],"about":[{"href":"https:\/\/todomediacion.com\/index.php?rest_route=\/wp\/v2\/types\/post"}],"author":[{"embeddable":true,"href":"https:\/\/todomediacion.com\/index.php?rest_route=\/wp\/v2\/users\/1"}],"replies":[{"embeddable":true,"href":"https:\/\/todomediacion.com\/index.php?rest_route=%2Fwp%2Fv2%2Fcomments&post=272"}],"version-history":[{"count":1,"href":"https:\/\/todomediacion.com\/index.php?rest_route=\/wp\/v2\/posts\/272\/revisions"}],"predecessor-version":[{"id":369,"href":"https:\/\/todomediacion.com\/index.php?rest_route=\/wp\/v2\/posts\/272\/revisions\/369"}],"wp:attachment":[{"href":"https:\/\/todomediacion.com\/index.php?rest_route=%2Fwp%2Fv2%2Fmedia&parent=272"}],"wp:term":[{"taxonomy":"category","embeddable":true,"href":"https:\/\/todomediacion.com\/index.php?rest_route=%2Fwp%2Fv2%2Fcategories&post=272"},{"taxonomy":"post_tag","embeddable":true,"href":"https:\/\/todomediacion.com\/index.php?rest_route=%2Fwp%2Fv2%2Ftags&post=272"}],"curies":[{"name":"wp","href":"https:\/\/api.w.org\/{rel}","templated":true}]}}