{"id":276,"date":"2020-05-29T11:54:49","date_gmt":"2020-05-29T09:54:49","guid":{"rendered":""},"modified":"2021-10-11T15:40:29","modified_gmt":"2021-10-11T13:40:29","slug":"el-ministro-de-justicia-anuncia-que-potenciara-la-mediacion-para-rebajar-la-litigiosidad","status":"publish","type":"post","link":"https:\/\/todomediacion.com\/node\/276","title":{"rendered":"El ministro de Justicia anuncia que potenciar\u00e1 la mediaci\u00f3n para rebajar la litigiosidad"},"content":{"rendered":"<p>El ministro de Justicia, Juan Carlos Campo, ha pedido, durante el transcurso de una videconferencia celebrada con el Consell de l\u2019Advocacia Catalana (CICAC), un voto de confianza hacia las medidas que desde su departamento se pondr\u00e1n en marcha para atender el impacto que tendr\u00e1 la crisis sanitaria sobre los juzgados.El ministro de Justicia, Juan Carlos Campo, ha pedido, durante el transcurso de una videconferencia celebrada con el Consell de l\u2019Advocacia Catalana (CICAC), un voto de confianza hacia las medidas que desde su departamento se pondr\u00e1n en marcha para atender el impacto que tendr\u00e1 la crisis sanitaria sobre los juzgados.<br \/>\nCampo les ha reclamado \u201cun ejercicio de comprensi\u00f3n y paciencia ante un momento hist\u00f3rico y en unas circunstancias extremas, en las que desde el Ministerio hemos trabajado siempre desde el consenso para dar respuesta a los desaf\u00edos que nos ha tra\u00eddo la pandemia\u201d.<\/p>\n<p>En su intervenci\u00f3n, el ministro ha dado a conocer la respuesta a la emergencia, as\u00ed como el plan de recuperaci\u00f3n y el proceso de desescalada, sustentados en criterios de responsabilidad y en los principios de di\u00e1logo y cogobernanza. Y en este sentido, ha instado a \u201ccompartir preocupaci\u00f3n, pero tambi\u00e9n optimismo en el futuro ante los resultados que tendr\u00e1n las medidas que impulsemos entre todos\u201d.   <\/p>\n<p>Campo, que ha agradecido los esfuerzos realizados por todos los operadores jur\u00eddicos por mantener la Justicia en funcionamiento, ha insistido en que, \u201caunque se haya ralentizado debido a la necesidad de proteger la salud p\u00fablica ante el embate del virus, la Justicia nunca se ha parado\u201d.<\/p>\n<p>As\u00ed, ha coincidido con los representantes de los abogados catalanes en la necesidad de aprovechar las oportunidades que se han acelerado a ra\u00edz de la crisis como las vistas telem\u00e1ticas, el expediente digital o las videoconferencias en comisar\u00edas, sobre las que el ministro ha asegurado que pretende prolongarlas m\u00e1s all\u00e1 de la situaci\u00f3n actual.<\/p>\n<p>El esp\u00edritu del Ministerio, seg\u00fan les ha trasladado, es que \u201cel objetivo no puede ser actuar para quedarnos igual que antes, sino aprovechar la oportunidad para impulsar la transformaci\u00f3n real del servicio p\u00fablico de Justicia\u201d.<\/p>\n<p>Ante el foro del CICAC, el ministro de Justicia ha saludado la iniciativa del colectivo que aglutina a 14 colegios de abogados de Catalu\u00f1a de crear una plataforma virtual para impulsar la mediaci\u00f3n. En este punto, se ha comprometido a potenciar la mediaci\u00f3n y el arbitraje, la conciliaci\u00f3n privada, el derecho colaborativo y la negociaci\u00f3n asistida, cuestiones todas ellas que el Ministerio est\u00e1 trabajando ya, dentro del proyecto Ley de medidas procesales, tecnol\u00f3gicas y organizativas, donde se est\u00e1 contando con la aportaci\u00f3n de la Abogac\u00eda.<\/p>\n<p>Al respecto, ha invitado a miembros del CICAC a que colaboren en el texto normativo que se est\u00e1 elaborando y que incluye este tipo de medidas alternativas para rebajar la litigiosidad, teniendo en cuenta la experiencia y tradici\u00f3n que tiene la comunidad aut\u00f3noma de Catalu\u00f1a en materia de mediaci\u00f3n.<\/p>\n<p>En el debate generado con los intervinientes de los distintos colegios, el ministro ha mostrado su disposici\u00f3n a la participaci\u00f3n y la colaboraci\u00f3n de los juristas que puedan estar interesados en los distintos grupos de trabajo creados en torno a la nueva LECRIM y el anteproyecto de Ley del Derecho de Defensa. \u201cEchamos horas y horas y estamos siempre en un permanente intercambio de papeles con todos aquellos que quieran colaborar para poner en marcha esta maquinaria de la cogobernanza, de manera que pueda dar el resultado que esperamos\u201d, ha se\u00f1alado.<br \/>\nwww.elconfidencial.com<\/p>\n","protected":false},"excerpt":{"rendered":"<p>El ministro de Justicia, Juan Carlos Campo, ha pedido, durante el transcurso de una videconferencia celebrada con el Consell de l\u2019Advocacia Catalana (CICAC), un voto de confianza hacia las medidas que desde su departamento se pondr\u00e1n en marcha para atender el impacto que tendr\u00e1 la crisis sanitaria sobre los juzgados.El ministro de Justicia, Juan Carlos [&hellip;]<\/p>\n","protected":false},"author":1,"featured_media":0,"comment_status":"open","ping_status":"open","sticky":false,"template":"","format":"standard","meta":{"footnotes":""},"categories":[],"tags":[],"class_list":["post-276","post","type-post","status-publish","format-standard","hentry"],"_links":{"self":[{"href":"https:\/\/todomediacion.com\/index.php?rest_route=\/wp\/v2\/posts\/276","targetHints":{"allow":["GET"]}}],"collection":[{"href":"https:\/\/todomediacion.com\/index.php?rest_route=\/wp\/v2\/posts"}],"about":[{"href":"https:\/\/todomediacion.com\/index.php?rest_route=\/wp\/v2\/types\/post"}],"author":[{"embeddable":true,"href":"https:\/\/todomediacion.com\/index.php?rest_route=\/wp\/v2\/users\/1"}],"replies":[{"embeddable":true,"href":"https:\/\/todomediacion.com\/index.php?rest_route=%2Fwp%2Fv2%2Fcomments&post=276"}],"version-history":[{"count":1,"href":"https:\/\/todomediacion.com\/index.php?rest_route=\/wp\/v2\/posts\/276\/revisions"}],"predecessor-version":[{"id":365,"href":"https:\/\/todomediacion.com\/index.php?rest_route=\/wp\/v2\/posts\/276\/revisions\/365"}],"wp:attachment":[{"href":"https:\/\/todomediacion.com\/index.php?rest_route=%2Fwp%2Fv2%2Fmedia&parent=276"}],"wp:term":[{"taxonomy":"category","embeddable":true,"href":"https:\/\/todomediacion.com\/index.php?rest_route=%2Fwp%2Fv2%2Fcategories&post=276"},{"taxonomy":"post_tag","embeddable":true,"href":"https:\/\/todomediacion.com\/index.php?rest_route=%2Fwp%2Fv2%2Ftags&post=276"}],"curies":[{"name":"wp","href":"https:\/\/api.w.org\/{rel}","templated":true}]}}