{"id":36,"date":"2006-09-06T12:32:38","date_gmt":"2006-09-06T10:32:38","guid":{"rendered":""},"modified":"2021-10-11T15:58:43","modified_gmt":"2021-10-11T13:58:43","slug":"propuesta-para-el-dialogo","status":"publish","type":"post","link":"https:\/\/todomediacion.com\/node\/36","title":{"rendered":"Propuesta para el di\u00e1logo"},"content":{"rendered":"<p><font face=\"Verdana\">La palabra mediaci\u00f3n proviene de <em>mediatio, <\/em>entendida     como punto equidistante entre dos puntos opuestos y tambi\u00e9n como interposici\u00f3n,     intermediaci\u00f3n para favorecer nuevas articulaciones en las relaciones sociales. Nos     encontramos, por lo tanto, ante un punto medio entre dos polos en un espacio o medio     concreto. La mediaci\u00f3n facilitar\u00e1 que las partes implicadas se encuentren en este punto     intermedio que ofrece la objetividad. En las percepciones subjetivas del conflicto no se     podr\u00e1n encontrar. La mediaci\u00f3n puede propiciar estos espacios de di\u00e1logo abierto sobre     el problema de fondo que hay en el conflicto.<\/font><\/p>\n<p><font face=\"Verdana\">    <\/font><\/p>\n<p><font face=\"Verdana\">Por eso, la cultura de la mediaci\u00f3n supone una cultura de     la comunicaci\u00f3n, porque la mediaci\u00f3n pretende facilitar que las personas encuentren las     posibles soluciones por ellas mismas. La finalidad no es tanto llegar a un acuerdo, sino     restablecer la relaci\u00f3n, reducir la hostilidad, propiciar propuestas y soluciones,     promover procesos de respeto.<\/font><\/p>\n<p><font face=\"Verdana\">    <\/font><\/p>\n<p><font face=\"Verdana\">El papel del mediador, adem\u00e1s de una persona, tambi\u00e9n lo     realizan muchos cuerpos sociales intermedios que asumen esta funci\u00f3n equidistante entre     dos grupos o colectivos en conflicto. Son los denominados mediadores institucionales:     sindicatos, patronales, iglesias, defensores del pueblo, defensores del consumidor, del     enfermo, del estudiante&#8230; Y el mediador no tiene nunca poder, ni de decisi\u00f3n ni de     persuasi\u00f3n. No impone, s\u00f3lo propicia y propone, desaparece cuando las relaciones se     rehacen y facilita m\u00e1s cuestiones que respuestas. Tiene la funci\u00f3n de retornar a las     partes el control de su vida y la confianza de adoptar sus propias decisiones, para que se     conviertan en protagonistas, y ayudar a salir de un \u00fanico punto de vista parcial, de la     miop\u00eda que provoca el localismo.<\/font><\/p>\n<p><font face=\"Verdana\">    <\/font><\/p>\n<p><font face=\"Verdana\">La mediaci\u00f3n comporta un elevado grado de humildad,     porque reconoce que somos personas conflictivas, que causamos mal y que a menudo no     podemos gestionar todos los conflictos, que algunos nos superan y que necesitamos un     tercero para tratarlos.<\/font><\/p>\n<p><font face=\"Verdana\">    <\/font><\/p>\n<p><font face=\"Verdana\">Nuestra educaci\u00f3n a menudo nos ha preparado para no tener     conflictos, para no generarlos y \u00c2\u00a1ay de aquel que sea una persona conflictiva! La     realidad, poco a poco, nos ha ido demostrando que el conflicto existe y que no nos ayuda     el hecho de negarlo. No se trata tanto de negar que hay conflictos, sino de estar en     condici\u00f3n de ser capaces de afrontarlos, de resolverlos o de plantearlos, si conviene. Y     no olvidemos que, adem\u00e1s, el ser humano es capaz de hacer el mal.<\/font><\/p>\n<p><font face=\"Verdana\">    <\/font><\/p>\n<p><font face=\"Verdana\">La mediaci\u00f3n ayuda a superar los binarismos que est\u00e1n en     el origen mismo de los conflictos, ayuda a vencer los manique\u00edsmos que hacen que uno se     proclame en profesi\u00f3n de la verdad y pretenda negar al otro. La xenofobia, el racismo, el     fanatismo, est\u00e1n alimentados por dualismos. Esta relaci\u00f3n dual dictamina que haya un     ganador y un perdedor, y es fuente de una cultura de la competitividad y el     enfrentamiento. La mediaci\u00f3n quiere favorecer que las dos partes sientan que pueden ser     ganadoras, como m\u00ednimo de una relaci\u00f3n inicialmente deteriorada, y se favorece, as\u00ed,     una cultura de la cooperaci\u00f3n.<\/font><\/p>\n<p><font face=\"Verdana\">    <\/font><\/p>\n<p><font face=\"Verdana\">La mediaci\u00f3n no es alternativa a nada. No lo resuelve     todo, ni mucho menos. La justicia, por su lado, sigue teniendo su funci\u00f3n espec\u00edfica     concreta. Todas las posibles estrategias de tratamiento de los conflictos son necesarias y     se complementan.<\/font><\/p>\n<p><font face=\"Verdana\">    <\/font><\/p>\n<div align=\"left\"> <font face=\"Verdana\">      <!--mstheme--><\/font><\/p>\n<table border=\"0\" cellspacing=\"0\" cellpadding=\"0\" width=\"562\" style=\"border-collapse: collapse\" id=\"AutoNumber1\" bordercolor=\"#111111\">\n<tbody>\n<tr>\n<td width=\"30\" valign=\"top\"><!--mstheme--><font face=\"Verdana\">           <img decoding=\"async\" src=\"http:\/\/www.ua-ambit.org\/arcbul2a.gif\" alt=\"\" hspace=\"15\" width=\"12\" height=\"12\"><!--mstheme--><\/font><\/td>\n<td width=\"532\"><!--mstheme--><font face=\"Verdana\">\u00bfPodemos hablar de la mediaci\u00f3n como arte, por el hecho de que implica           intuiciones y estrategias que a menudo responden m\u00e1s a una capacidad casi innata que no a           un aprendizaje?<br \/>\n<!--mstheme--><\/font><\/td>\n<\/tr>\n<tr>\n<td width=\"30\" valign=\"top\"><!--mstheme--><font face=\"Verdana\">           <img decoding=\"async\" src=\"http:\/\/www.ua-ambit.org\/arcbul2a.gif\" alt=\"\" hspace=\"15\" width=\"12\" height=\"12\"><!--mstheme--><\/font><\/td>\n<td width=\"532\"><!--mstheme--><font face=\"Verdana\">\u00bfC\u00f3mo educar para saber vivir con los conflictos sin que supongan un           problema para la persona?<br \/>\n<!--mstheme--><\/font><\/td>\n<\/tr>\n<tr>\n<td width=\"30\" valign=\"top\"><!--mstheme--><font face=\"Verdana\">           <img decoding=\"async\" src=\"http:\/\/www.ua-ambit.org\/arcbul2a.gif\" alt=\"\" hspace=\"15\" width=\"12\" height=\"12\"><!--mstheme--><\/font><\/td>\n<td width=\"532\"><!--mstheme--><font face=\"Verdana\">Como elemento pacificador, la mediaci\u00f3n ayuda al di\u00e1logo; \u00bfno debe ser           una forma madura de entender la vida?<!--mstheme--><\/font><\/td>\n<\/tr>\n<\/tbody>\n<\/table>\n<p><!--mstheme--><font face=\"Verdana\">     <\/font><\/p>\n<\/div>\n<p><font face=\"Verdana\">    <\/font><\/p>\n<p align=\"right\"><font face=\"Verdana\"><em style=\"font-style: normal; font-weight: 700\">Marta Burguet Arfelis<\/em><\/font><\/p>\n","protected":false},"excerpt":{"rendered":"<p>La palabra mediaci\u00f3n proviene de mediatio, entendida como punto equidistante entre dos puntos opuestos y tambi\u00e9n como interposici\u00f3n, intermediaci\u00f3n para favorecer nuevas articulaciones en las relaciones sociales. Nos encontramos, por lo tanto, ante un punto medio entre dos polos en un espacio o medio concreto. La mediaci\u00f3n facilitar\u00e1 que las partes implicadas se encuentren en [&hellip;]<\/p>\n","protected":false},"author":1,"featured_media":0,"comment_status":"open","ping_status":"open","sticky":false,"template":"","format":"standard","meta":{"footnotes":""},"categories":[],"tags":[],"class_list":["post-36","post","type-post","status-publish","format-standard","hentry"],"_links":{"self":[{"href":"https:\/\/todomediacion.com\/index.php?rest_route=\/wp\/v2\/posts\/36","targetHints":{"allow":["GET"]}}],"collection":[{"href":"https:\/\/todomediacion.com\/index.php?rest_route=\/wp\/v2\/posts"}],"about":[{"href":"https:\/\/todomediacion.com\/index.php?rest_route=\/wp\/v2\/types\/post"}],"author":[{"embeddable":true,"href":"https:\/\/todomediacion.com\/index.php?rest_route=\/wp\/v2\/users\/1"}],"replies":[{"embeddable":true,"href":"https:\/\/todomediacion.com\/index.php?rest_route=%2Fwp%2Fv2%2Fcomments&post=36"}],"version-history":[{"count":2,"href":"https:\/\/todomediacion.com\/index.php?rest_route=\/wp\/v2\/posts\/36\/revisions"}],"predecessor-version":[{"id":595,"href":"https:\/\/todomediacion.com\/index.php?rest_route=\/wp\/v2\/posts\/36\/revisions\/595"}],"wp:attachment":[{"href":"https:\/\/todomediacion.com\/index.php?rest_route=%2Fwp%2Fv2%2Fmedia&parent=36"}],"wp:term":[{"taxonomy":"category","embeddable":true,"href":"https:\/\/todomediacion.com\/index.php?rest_route=%2Fwp%2Fv2%2Fcategories&post=36"},{"taxonomy":"post_tag","embeddable":true,"href":"https:\/\/todomediacion.com\/index.php?rest_route=%2Fwp%2Fv2%2Ftags&post=36"}],"curies":[{"name":"wp","href":"https:\/\/api.w.org\/{rel}","templated":true}]}}