{"id":43,"date":"2006-11-16T17:43:44","date_gmt":"2006-11-16T15:43:44","guid":{"rendered":""},"modified":"2021-10-11T16:00:50","modified_gmt":"2021-10-11T14:00:50","slug":"el-ministro-de-justicia-defiende-las-tecnicas-de-mediacion-para-no-sobrecargar-los-juzgados","status":"publish","type":"post","link":"https:\/\/todomediacion.com\/node\/43","title":{"rendered":"El Ministro de Justicia defiende las t\u00e9cnicas de mediaci\u00f3n para no sobrecargar los juzgados"},"content":{"rendered":"<p>El ministro de Justicia, Juan Fernando L\u00f3pez Aguilar, defendi\u00f3 en Gandia la labor de los centros de mediaci\u00f3n como mecanismo para no sobrecargar la justicia. Aguilar inaugur\u00f3 en la ciudad valenciana el I Congreso Internacional de Mediaci\u00f3n y Convivencia, organizado por el Ayuntamiento de este municipio y que se celebra hasta este marttes en el Palau Ducal dels Borja.<\/p>\n<p>En este sentido, L\u00f3pez Aguilar asegur\u00f3 que es parte del trabajo del Ministerio de Justicia reforzar las t\u00e9cnicas alternativas para la resoluci\u00f3n de conflictos, potenciando el arbitraje comercial y mercantil.<br \/>El ministro a\u00f1adi\u00f3 que estas medidas est\u00e1n despuntando como una referencia en la participaci\u00f3n en arbitrajes internacionales, todo ello para proporcionar una seguridad jur\u00eddica y de crecimiento econ\u00f3mico. Asimismo, se\u00f1al\u00f3 la importancia de aplicar y potenciar estas t\u00e9cnicas en los asuntos de la vida cotidiana, como enfrentamientos entre vecinos, evitando as\u00ed acudir a los tribunales.<\/p>\n<p>La intenci\u00f3n del ejecutivo espa\u00f1ol es agilizar la respuesta judicial concentr\u00e1ndola en lo que realmente importa, declar\u00f3 L\u00f3pez Aguilar, quien a\u00f1adi\u00f3 que el Ministerio de Justicia quiere incrementar la capacidad de respuesta del sistema judicial en la protecci\u00f3n de la garant\u00eda de los derechos de la ciudadan\u00eda, eliminando barreras de desigualdad y discriminaci\u00f3n, y entre ellas la lentitud en la justicia, que perjudica a los que menos tienen y a los que m\u00e1s dependen del sistema.<\/p>\n<p>El titular de Justicia defendi\u00f3 la labor del Gobierno de Jos\u00e9 Luis Rodr\u00edguez Zapatero y record\u00f3 que el ejecutivo socialista se comprometi\u00f3 a crear 1.000 nuevas unidades judiciales en todo el pa\u00eds y en s\u00f3lo tres a\u00f1os de legislatura ya se han inaugurado 800.<\/p>\n<p>Tambi\u00e9n ofreci\u00f3 datos sobre las actuaciones en la Comunitat Valenciana. El ministro asegur\u00f3 que desde 2003 en esta autonom\u00eda ya se han ejecutado 45 juzgados frente a las 35 unidades que realiz\u00f3 el Partido Popular en ocho a\u00f1os de gobierno. En ese sentido, manifest\u00f3: algunos pol\u00edticos ejercen la demagogia, ya que reivindican infraestructuras mientras que antes no lo hac\u00edan, cuando precisamente ahora se est\u00e1 trabajando m\u00e1s que nunca en lo que actuaciones judiciales se refiere.<\/p>\n<p>Por otro lado, el titular del Ministerio de Justicia se refiri\u00f3 al reto del sistema educativo ante la llegada de poblaci\u00f3n inmigrante y abog\u00f3 por fomentar valores como la tolerancia en la escuela ante la diversidad de la nueva poblaci\u00f3n espa\u00f1ola.<\/p>\n<p>De ah\u00ed la necesidad de que instituciones p\u00fablicas, tanto municipales como auton\u00f3micas, se impliquen en la puesta en pr\u00e1ctica de t\u00e9cnicas de mediaci\u00f3n en todos los \u00e1mbitos, con experiencias como las que se llevan a cabo en municipios como Sant Pere de Ribes o Gandia, que potencian la mediaci\u00f3n en litigios incluso que van m\u00e1s all\u00e1 de lo penal y lo social a trav\u00e9s de la conciliaci\u00f3n administrativa.<\/p>\n<p>Precisamente Gandia ha desarrollado esta iniciativa, que comenz\u00f3 con la instalaci\u00f3n de un centro municipal de mediaci\u00f3n y convivencia, con la organizaci\u00f3n del congreso internacional que inaugur\u00f3 el ministro de Justicia. Cerca de 300 alumnos nacionales y extranjeros participan entre en las jornadas, que abordan programas y experiencias en el desarrollo de pol\u00edticas de mediaci\u00f3n dirigidas a evitar conflictos ciudadanos.<\/p>\n<p>El I Congreso Internacional de Mediaci\u00f3n y Convivencia de Gandia est\u00e1 organizado por el Ayuntamiento y por la Universitat Internacional de Gandia (UIG), y se imparte en modalidad presencial y on-line.<br \/><a href=\"http:\/\/www.panorama-actual.es\/noticias\/not212053.htm\">http:\/\/www.panorama-actual.es\/noticias\/not212053.htm<\/a> <\/p>\n","protected":false},"excerpt":{"rendered":"<p>El ministro de Justicia, Juan Fernando L\u00f3pez Aguilar, defendi\u00f3 en Gandia la labor de los centros de mediaci\u00f3n como mecanismo para no sobrecargar la justicia. Aguilar inaugur\u00f3 en la ciudad valenciana el I Congreso Internacional de Mediaci\u00f3n y Convivencia, organizado por el Ayuntamiento de este municipio y que se celebra hasta este marttes en el [&hellip;]<\/p>\n","protected":false},"author":1,"featured_media":0,"comment_status":"open","ping_status":"open","sticky":false,"template":"","format":"standard","meta":{"footnotes":""},"categories":[],"tags":[],"class_list":["post-43","post","type-post","status-publish","format-standard","hentry"],"_links":{"self":[{"href":"https:\/\/todomediacion.com\/index.php?rest_route=\/wp\/v2\/posts\/43","targetHints":{"allow":["GET"]}}],"collection":[{"href":"https:\/\/todomediacion.com\/index.php?rest_route=\/wp\/v2\/posts"}],"about":[{"href":"https:\/\/todomediacion.com\/index.php?rest_route=\/wp\/v2\/types\/post"}],"author":[{"embeddable":true,"href":"https:\/\/todomediacion.com\/index.php?rest_route=\/wp\/v2\/users\/1"}],"replies":[{"embeddable":true,"href":"https:\/\/todomediacion.com\/index.php?rest_route=%2Fwp%2Fv2%2Fcomments&post=43"}],"version-history":[{"count":2,"href":"https:\/\/todomediacion.com\/index.php?rest_route=\/wp\/v2\/posts\/43\/revisions"}],"predecessor-version":[{"id":599,"href":"https:\/\/todomediacion.com\/index.php?rest_route=\/wp\/v2\/posts\/43\/revisions\/599"}],"wp:attachment":[{"href":"https:\/\/todomediacion.com\/index.php?rest_route=%2Fwp%2Fv2%2Fmedia&parent=43"}],"wp:term":[{"taxonomy":"category","embeddable":true,"href":"https:\/\/todomediacion.com\/index.php?rest_route=%2Fwp%2Fv2%2Fcategories&post=43"},{"taxonomy":"post_tag","embeddable":true,"href":"https:\/\/todomediacion.com\/index.php?rest_route=%2Fwp%2Fv2%2Ftags&post=43"}],"curies":[{"name":"wp","href":"https:\/\/api.w.org\/{rel}","templated":true}]}}