{"id":44,"date":"2006-11-21T16:37:35","date_gmt":"2006-11-21T14:37:35","guid":{"rendered":""},"modified":"2021-10-11T16:01:05","modified_gmt":"2021-10-11T14:01:05","slug":"la-mediacion-escolar-en-informe-semanal-tve","status":"publish","type":"post","link":"https:\/\/todomediacion.com\/node\/44","title":{"rendered":"La Mediaci\u00f3n Escolar en Informe Semanal (TVE)"},"content":{"rendered":"<p><img decoding=\"async\" src=\"http:\/\/www.informesemanal.tve.es\/files\/74-26014-FOTO_NOTA_PRENSA_399\/20061118_TVE_InformeSemanal_01_Maestros_acosados_foto_1.jpg\" border=\"10\" alt=\"Maestros protestando por el acoso escolar\" title=\"Maestros protestando por el acoso escolar\" hspace=\"10\" vspace=\"10\" width=\"199\" height=\"139\" align=\"left\" \/>En el programa del s\u00e1bado pasado en Informe Semanal se present\u00f3 la Mediaci\u00f3n Escolar como un instrumento fundamental en los Centros Educativos para prevenir el acoso escolar y los problemas de violencia en las aulas.<\/p>\n<p>Puede ver el v\u00eddeo del programa pinchando <a href=\"http:\/\/www.informesemanal.tve.es\/?go=e5911a8f3a240786c19429278dceea2c54011d4340331c100a811dd8cebcd5cc88c36af9aca510247f221b12c62e83a4c3f5fbf9e17ea57c4e7957bb7cc3ebb0f17c20979f7efce7f9dd874a0835f3e56f2722acbf911fdc8a58260e5d6953210301941fbe1a948c95fc5efdcba2db5be84369d2b6c65e11fa69d947c97489db3e8ef2f10b1f87be6b1d02a9340b53e1\">aqu\u00ed<\/a><\/p>\n<p>&nbsp;<\/p>\n<p><!--break--><\/p>\n<p><strong>MAESTROS ACOSADOS<\/strong><\/p>\n<p>En las \u00faltimas semanas hemos asistido a la creciente protesta de los profesores de toda Espa\u00f1a por las agresiones y las amenazas que sufren en el desempe\u00f1o de su trabajo. El fen\u00f3meno de la violencia en las aulas ha cobrado dimensiones preocupantes y hasta la propia Fiscal\u00eda del Estado ha tomado cartas en el asunto para proponer que, al igual que ocurre con la violencia dom\u00e9stica, se aplique la \u00e2&#8364;&#339;tolerancia cero\u00e2&#8364;\u009d y se recurra incluso al alejamiento del agresor. Algunos maestros se han visto obligados a pedir ayuda psicol\u00f3gica y jur\u00eddica ante el comportamiento de alumnos y padres, mientras el colectivo sal\u00eda a las calles clamando por el respaldo social.<\/p>\n<p>&nbsp;<\/p>\n","protected":false},"excerpt":{"rendered":"<p>En el programa del s\u00e1bado pasado en Informe Semanal se present\u00f3 la Mediaci\u00f3n Escolar como un instrumento fundamental en los Centros Educativos para prevenir el acoso escolar y los problemas de violencia en las aulas. Puede ver el v\u00eddeo del programa pinchando aqu\u00ed &nbsp; MAESTROS ACOSADOS En las \u00faltimas semanas hemos asistido a la creciente [&hellip;]<\/p>\n","protected":false},"author":1,"featured_media":0,"comment_status":"open","ping_status":"open","sticky":false,"template":"","format":"standard","meta":{"footnotes":""},"categories":[],"tags":[],"class_list":["post-44","post","type-post","status-publish","format-standard","hentry"],"_links":{"self":[{"href":"https:\/\/todomediacion.com\/index.php?rest_route=\/wp\/v2\/posts\/44","targetHints":{"allow":["GET"]}}],"collection":[{"href":"https:\/\/todomediacion.com\/index.php?rest_route=\/wp\/v2\/posts"}],"about":[{"href":"https:\/\/todomediacion.com\/index.php?rest_route=\/wp\/v2\/types\/post"}],"author":[{"embeddable":true,"href":"https:\/\/todomediacion.com\/index.php?rest_route=\/wp\/v2\/users\/1"}],"replies":[{"embeddable":true,"href":"https:\/\/todomediacion.com\/index.php?rest_route=%2Fwp%2Fv2%2Fcomments&post=44"}],"version-history":[{"count":2,"href":"https:\/\/todomediacion.com\/index.php?rest_route=\/wp\/v2\/posts\/44\/revisions"}],"predecessor-version":[{"id":600,"href":"https:\/\/todomediacion.com\/index.php?rest_route=\/wp\/v2\/posts\/44\/revisions\/600"}],"wp:attachment":[{"href":"https:\/\/todomediacion.com\/index.php?rest_route=%2Fwp%2Fv2%2Fmedia&parent=44"}],"wp:term":[{"taxonomy":"category","embeddable":true,"href":"https:\/\/todomediacion.com\/index.php?rest_route=%2Fwp%2Fv2%2Fcategories&post=44"},{"taxonomy":"post_tag","embeddable":true,"href":"https:\/\/todomediacion.com\/index.php?rest_route=%2Fwp%2Fv2%2Ftags&post=44"}],"curies":[{"name":"wp","href":"https:\/\/api.w.org\/{rel}","templated":true}]}}