{"id":66,"date":"2007-05-22T12:15:14","date_gmt":"2007-05-22T10:15:14","guid":{"rendered":""},"modified":"2021-10-11T15:54:17","modified_gmt":"2021-10-11T13:54:17","slug":"131-parejas-acudieron-en-2006-a-la-mediacion-familiar-para-separarse-el-doble-que-en-2005","status":"publish","type":"post","link":"https:\/\/todomediacion.com\/node\/66","title":{"rendered":"131 parejas acudieron en 2006 a la mediaci\u00f3n familiar para separarse, el doble que en 2005"},"content":{"rendered":"<p><img decoding=\"async\" src=\"http:\/\/www.noticiasdenavarra.com\/ediciones\/2007\/05\/20\/sociedad\/navarra\/fotos\/6202429.jpg\" border=\"10\" alt=\"Jornadas de Mediaci\u00f3n\" title=\"Jornadas de Mediaci\u00f3n\" hspace=\"10\" vspace=\"10\" width=\"118\" height=\"96\" align=\"left\" \/>En lo que llevamos de a\u00f1o este servicio del gobierno de navarra ha recibido 44 casos. Loren Alb\u00e9niz dice que el proceso contribuye a que en el futuro la pareja sea &quot;responsable del cuidado de sus hijos&quot; (Maite P\u00e9rez. Diario de Noticias)<\/p>\n<p>Pamplona. El pasado a\u00f1o el Servicio de Mediaci\u00f3n Familiar del Gobierno de Navarra, gestionado por la empresa Avanvida, en colaboraci\u00f3n con la Asociaci\u00f3n de Mediadores de Navarra (Amedena) atendi\u00f3 131 casos de parejas que se encontraban en tr\u00e1mites de separaci\u00f3n, m\u00e1s del doble que en 2005, cuando se registraron 53 asuntos, y muy lejos de las cifras que se consiguieron en a\u00f1os anteriores (en 2004, hubo 12 casos; en 2003, 19; en 2002, 27; y en 2001, uno). Estos datos constatan una &quot;verdadera evoluci\u00f3n al alza&quot;, se\u00f1al\u00f3 la directora general de Familia del Ejecutivo Foral, Loren Alb\u00e9niz. De hecho, en lo que llevamos de a\u00f1o el servicio ha recibido 44 casos, de los cuales han finalizado 26 y nueve contin\u00faan en proceso. Los otros nueve no llegaron a iniciar los tr\u00e1mites.<\/p>\n<p>El pasado mi\u00e9rcoles el Ejecutivo Foral y el Tribunal Superior de Justicia de Navarra celebraron una Jornada sobre mediaci\u00f3n familiar en la que la directora general de Familia abord\u00f3 los resultados de este servicio obtenidos en 2006. En su alocuci\u00f3n, Alb\u00e9niz coment\u00f3 que la mediaci\u00f3n familiar es un &quot;proceso que m\u00e1s que a liquidar un pasado contribuye y ayuda a construir un futuro en el que la pareja debe seguir siendo responsable de la atenci\u00f3n, cuidado y educaci\u00f3n de sus hijos, si bien en un contexto diferente&quot;. Para ello cuentan con la intervenci\u00f3n de dos mediadores, &quot;terceros neutrales y con formaci\u00f3n espec\u00edfica, que son requeridos por ambas partes bajo la garant\u00eda del secreto profesional y con autonom\u00eda respecto al \u00e1mbito judicial&quot;. \u00c9stos deben lograr que la pareja elabore &quot;superando su conflicto, un plan de separaci\u00f3n satisfactorio para ellos y para sus hijos, en el que han de ejercitar su com\u00fan responsabilidad como padre y madre&quot;.<\/p>\n<p>Alb\u00e9niz explic\u00f3 que de los 131 casos atendidos en 2006, 121 concluyeron efectivamente. Desde la direcci\u00f3n de Familia, se\u00f1alaron que 40 de los acuerdos se refer\u00edan a cuestiones econ\u00f3micas: 41, al r\u00e9gimen de visitas; 38, al uso de la vivienda; 27, a la pensi\u00f3n compensatoria; 43, a la pensi\u00f3n de los hijos; 35, a liquidaci\u00f3n de bienes; 10 sobre gastos extraordinarios y 40 sobre otro tipo de asuntos.<\/p>\n<p>En cuanto a los 26 procesos de mediaci\u00f3n finalizados en 2007, 19 llegaron a acuerdos (18 eran de car\u00e1cter total y uno, parcial), lo que supone un 73 % de los casos. Sin embargo, tres no llegaron a una postura com\u00fan; dos fueron derivados a otros servicios y en dos ocasiones alguna de las partes decidi\u00f3 abandonar.<\/p>\n<p>Alb\u00e9niz indic\u00f3 que en las encuestas realizadas a los usuarios el 83% se mostr\u00f3 &quot;muy satisfecho o satisfecho&quot; con los resultados obtenidos. Adem\u00e1s, el 90% asegur\u00f3 que recomendar\u00eda el servicio, frente al 10% que no lo har\u00eda. Alb\u00e9niz concluy\u00f3 diciendo que cuando aprueben la Directiva Europea y la Ley Estatal de Mediaci\u00f3n Familiar el Gobierno foral aprobar\u00e1 tambi\u00e9n una ley.<\/p>\n","protected":false},"excerpt":{"rendered":"<p>En lo que llevamos de a\u00f1o este servicio del gobierno de navarra ha recibido 44 casos. Loren Alb\u00e9niz dice que el proceso contribuye a que en el futuro la pareja sea &quot;responsable del cuidado de sus hijos&quot; (Maite P\u00e9rez. Diario de Noticias) Pamplona. El pasado a\u00f1o el Servicio de Mediaci\u00f3n Familiar del Gobierno de Navarra, [&hellip;]<\/p>\n","protected":false},"author":1,"featured_media":0,"comment_status":"open","ping_status":"open","sticky":false,"template":"","format":"standard","meta":{"footnotes":""},"categories":[],"tags":[],"class_list":["post-66","post","type-post","status-publish","format-standard","hentry"],"_links":{"self":[{"href":"https:\/\/todomediacion.com\/index.php?rest_route=\/wp\/v2\/posts\/66","targetHints":{"allow":["GET"]}}],"collection":[{"href":"https:\/\/todomediacion.com\/index.php?rest_route=\/wp\/v2\/posts"}],"about":[{"href":"https:\/\/todomediacion.com\/index.php?rest_route=\/wp\/v2\/types\/post"}],"author":[{"embeddable":true,"href":"https:\/\/todomediacion.com\/index.php?rest_route=\/wp\/v2\/users\/1"}],"replies":[{"embeddable":true,"href":"https:\/\/todomediacion.com\/index.php?rest_route=%2Fwp%2Fv2%2Fcomments&post=66"}],"version-history":[{"count":1,"href":"https:\/\/todomediacion.com\/index.php?rest_route=\/wp\/v2\/posts\/66\/revisions"}],"predecessor-version":[{"id":552,"href":"https:\/\/todomediacion.com\/index.php?rest_route=\/wp\/v2\/posts\/66\/revisions\/552"}],"wp:attachment":[{"href":"https:\/\/todomediacion.com\/index.php?rest_route=%2Fwp%2Fv2%2Fmedia&parent=66"}],"wp:term":[{"taxonomy":"category","embeddable":true,"href":"https:\/\/todomediacion.com\/index.php?rest_route=%2Fwp%2Fv2%2Fcategories&post=66"},{"taxonomy":"post_tag","embeddable":true,"href":"https:\/\/todomediacion.com\/index.php?rest_route=%2Fwp%2Fv2%2Ftags&post=66"}],"curies":[{"name":"wp","href":"https:\/\/api.w.org\/{rel}","templated":true}]}}