{"id":90,"date":"2008-06-02T23:14:07","date_gmt":"2008-06-02T21:14:07","guid":{"rendered":""},"modified":"2021-10-11T15:52:05","modified_gmt":"2021-10-11T13:52:05","slug":"www-todomediacion-com-participa-en-curso-de-extension-universitaria","status":"publish","type":"post","link":"https:\/\/todomediacion.com\/node\/90","title":{"rendered":"www.todomediacion.com participa en Curso de extensi\u00f3n Universitaria"},"content":{"rendered":"<p><strong>T\u00c9CNICAS DE MEDIACI\u00d3N PARA LA RESOLUCI\u00d3N DE CONFLICTOS (<\/strong><strong> <\/strong> 352009<strong>)<\/strong><\/p>\n<p>&nbsp;<\/p>\n<p><img decoding=\"async\" src=\"http:\/\/www.us.es\/marca_mini.jpg\" alt=\"Universidad de Sevilla\" title=\"Universidad de Sevilla\" width=\"80\" height=\"66\" align=\"left\" \/>\u00a0<\/p>\n<p><img decoding=\"async\" src=\"\/wp-content\/uploads\/todomediacion.jpg\" alt=\"\" width=\"161\" height=\"38\" \/> <\/p>\n<p>&nbsp;<\/p>\n<p>&nbsp;<\/p>\n<p><strong>DIRIGIDO POR<\/strong>: Da. MAR\u00cdA JOS\u00c9 LERA RODRIGUEZ<\/p>\n<p>Curso acad\u00e9mico 08\/09<br \/>Lugar: Facultad de Psicolog\u00eda<br \/>Informaci\u00f3n e inscripci\u00f3n:<br \/>Secci\u00f3n de Extensi\u00f3n Universitaria.<br \/>C\/ San Fernando, 4. Sevilla<br \/><a href=\"http:\/\/www.institucional.us.es\/extension\/cursos.php\">www.institucional.us.es\/extension\/cursos.php<\/a><\/p>\n<p><a href=\"http:\/\/www.institucional.us.es\/extension\/cursos\/curso.php?codigo=352009\" target=\"_blank\" rel=\"noopener\">http:\/\/www.institucional.us.es\/extension\/cursos\/curso.php?codigo=352009<\/a><br \/>Matriculaci\u00f3n:<br \/>Del 2 de Junio al 24 de Marzo de 2009<br \/>Realizaci\u00f3n:<br \/>Del 13 al 24 de Abril de 2009<\/p>\n<p>Horarios:<br \/>De lunes a Jueves de 17,00 a 21,00 horas<br \/>Duraci\u00f3n:<br \/>40 horas<\/p>\n<p><strong>PLAZAS LIMITADAS<\/strong><\/p>\n<p>&nbsp;<\/p>\n<p>  <!--break--> <\/p>\n<p><strong>FINALIDAD DEL CURSO<\/strong><\/p>\n<div align=\"justify\">En la actualidad presenciamos una creciente conflictividad en las familias, barrios, ciudades y en la sociedad en general. Conflictividad que no ha de ser vista desde una perspectiva negativa, las discrepancias y desacuerdos son naturables e inevitables en nuestra vida cotidiana, sin embargo, una mala respuesta a los conflictos puede merma el clima de bienestar social. La finalidad principal de este curso es dotar a los alumnos y alumnas de t\u00e9cnicas de mediaci\u00f3n para que cuenten con herramientas con las que responder a los conflictos de forma positiva.<\/div>\n<div align=\"justify\">\u00a0<\/div>\n<div align=\"justify\"><strong>CERTIFICADOS<\/strong><\/div>\n<div align=\"justify\">Est\u00e1 prevista la expedici\u00f3n de certificados de asistencia o participaci\u00f3n a los alumnos que completen l menos el 80% de las horas del curso.<\/div>\n<div align=\"justify\"><strong>PRECIO DE LA MATR\u00cdCULA: 90 \u20ac\u00a0\u00a0\u00a0\u00a0\u00a0\u00a0\u00a0\u00a0\u00a0\u00a0\u00a0\u00a0\u00a0\u00a0\u00a0\u00a0\u00a0\u00a0\u00a0\u00a0\u00a0\u00a0\u00a0\u00a0\u00a0\u00a0<\/strong><\/div>\n<div align=\"justify\">\u00a0<\/div>\n<div align=\"justify\">Deber\u00e1 acreditar necesariamente el pago de la matr\u00edcula (ejemplar de liquidaci\u00f3n de la Secci\u00f3n) dentro de os 2 d\u00edas siguientes a la formalizaci\u00f3n de la matr\u00edcula<\/div>\n<div align=\"justify\">\u00a0<\/div>\n<div align=\"justify\"><strong>PROGRAMA<\/strong><\/div>\n<div align=\"justify\">1. Mediaci\u00f3n y Resoluci\u00f3n de conflictos<br \/>1.1 Caracteristicas generales del proceso de mediaci\u00f3n.<br \/>1.2. Diferencia entre Violencia y Conflicto<br \/>1.2 Rol de la persona mediadora.<br \/>1.3 Diferencias entre mediaci\u00f3n y otras formas de resoluci\u00f3n de conflictos<br \/>1.4 Experiencias de mediaci\u00f3n en Espa\u00f1a<\/div>\n<div align=\"justify\">\u00a0<\/div>\n<div align=\"justify\">2. T\u00e9cnicas de Mediaci\u00f3n<br \/>2.1 Preguntas circulares<br \/>2.2 Reformulaci\u00f3n<br \/>2.3 Resumen<br \/>2.4 Respuetas en espejo<br \/>2.5 Connotaci\u00f3n positiva<br \/>2.6 Re-contextualizaci\u00f3n<br \/>2.7 Proyecci\u00f3n futura.<\/div>\n<div align=\"justify\">\u00a0<\/div>\n<div align=\"justify\">3.- Ejemplos y pr\u00e1cticas<br \/>3.1. An\u00e1lisis de casos de violencia y conflicto<br \/>3.2. Empleo de t\u00e9cnicas para cada caso<br \/>3.3. El caso de Palestina, como ant\u00edtesis de conflicto<br \/>3.4. Estrategias para el abordaje de conflictos en grupos<\/div>\n<div align=\"justify\">\u00a0<\/div>\n<div align=\"justify\"><strong>BIBLIOGRAF\u00cdA, MATERIALES Y P\u00c1GINAS WEB A CONSULTAR<\/strong><\/div>\n<div align=\"justify\">\u00a0<\/div>\n<div align=\"justify\">Boqu\u00e9, M C. ( 2003). Cultura de mediaci\u00f3n y cambio social. Gedisa Editorial.<br \/>Suares, M. (1996). Mediaci\u00f3n. Conducci\u00f3n de disputas, comunicaci\u00f3n y t\u00e9cnicas. Buenos Aires, Paid\u00f3s, 1996.<\/div>\n<div align=\"justify\">\u00a0<\/div>\n<div align=\"justify\">Mart\u00ednez de M\u00fagica, B. ( 1999). Mediaci\u00f3n y resoluci\u00f3n de conflictos. Una gu\u00eda introductoria. M\u00e9xico, Paid\u00f3s.<\/div>\n<div align=\"justify\">\u00a0<\/div>\n<div align=\"justify\"><a href=\"http:\/\/www.psicoeducacion.eu\/\">www.psicoeducacion.eu<br \/><\/a><a href=\"http:\/\/www.golden5.org\">www.golden5.org<\/a><br \/><a href=\"\/www.todomediacion.com\" target=\"_blank\" rel=\"noopener\">www.todomediacion.com<\/a><\/div>\n<div align=\"justify\"><strong>PROFESORADO<\/strong><\/div>\n<div align=\"justify\">\u00a0<\/div>\n<div align=\"justify\">Dra. Mar\u00eda Jos\u00e9 Lera Rodr\u00edguez<\/div>\n<div align=\"justify\">D\u00f1a Isabel Medina Su\u00e1rez <\/div>\n","protected":false},"excerpt":{"rendered":"<p>T\u00c9CNICAS DE MEDIACI\u00d3N PARA LA RESOLUCI\u00d3N DE CONFLICTOS ( 352009) &nbsp; \u00a0 &nbsp; &nbsp; DIRIGIDO POR: Da. MAR\u00cdA JOS\u00c9 LERA RODRIGUEZ Curso acad\u00e9mico 08\/09Lugar: Facultad de Psicolog\u00edaInformaci\u00f3n e inscripci\u00f3n:Secci\u00f3n de Extensi\u00f3n Universitaria.C\/ San Fernando, 4. Sevillawww.institucional.us.es\/extension\/cursos.php http:\/\/www.institucional.us.es\/extension\/cursos\/curso.php?codigo=352009Matriculaci\u00f3n:Del 2 de Junio al 24 de Marzo de 2009Realizaci\u00f3n:Del 13 al 24 de Abril de 2009 Horarios:De lunes [&hellip;]<\/p>\n","protected":false},"author":1,"featured_media":0,"comment_status":"open","ping_status":"open","sticky":false,"template":"","format":"standard","meta":{"footnotes":""},"categories":[],"tags":[],"class_list":["post-90","post","type-post","status-publish","format-standard","hentry"],"_links":{"self":[{"href":"https:\/\/todomediacion.com\/index.php?rest_route=\/wp\/v2\/posts\/90","targetHints":{"allow":["GET"]}}],"collection":[{"href":"https:\/\/todomediacion.com\/index.php?rest_route=\/wp\/v2\/posts"}],"about":[{"href":"https:\/\/todomediacion.com\/index.php?rest_route=\/wp\/v2\/types\/post"}],"author":[{"embeddable":true,"href":"https:\/\/todomediacion.com\/index.php?rest_route=\/wp\/v2\/users\/1"}],"replies":[{"embeddable":true,"href":"https:\/\/todomediacion.com\/index.php?rest_route=%2Fwp%2Fv2%2Fcomments&post=90"}],"version-history":[{"count":1,"href":"https:\/\/todomediacion.com\/index.php?rest_route=\/wp\/v2\/posts\/90\/revisions"}],"predecessor-version":[{"id":533,"href":"https:\/\/todomediacion.com\/index.php?rest_route=\/wp\/v2\/posts\/90\/revisions\/533"}],"wp:attachment":[{"href":"https:\/\/todomediacion.com\/index.php?rest_route=%2Fwp%2Fv2%2Fmedia&parent=90"}],"wp:term":[{"taxonomy":"category","embeddable":true,"href":"https:\/\/todomediacion.com\/index.php?rest_route=%2Fwp%2Fv2%2Fcategories&post=90"},{"taxonomy":"post_tag","embeddable":true,"href":"https:\/\/todomediacion.com\/index.php?rest_route=%2Fwp%2Fv2%2Ftags&post=90"}],"curies":[{"name":"wp","href":"https:\/\/api.w.org\/{rel}","templated":true}]}}